{"id":34598,"date":"2018-05-15T09:35:28","date_gmt":"2018-05-15T06:35:28","guid":{"rendered":"http:\/\/infois.ro\/?p=34598"},"modified":"2018-05-15T09:35:39","modified_gmt":"2018-05-15T06:35:39","slug":"proiect-de-anvergura-la-colegiul-agricol-si-de-industrie-alimentara-vasile-adamachi","status":"publish","type":"post","link":"https:\/\/infois.ro\/?p=34598","title":{"rendered":"Proiect de anvergura la Colegiul Agricol \u015fi de Industrie Alimentar\u0103 Vasile Adamachi\u201d"},"content":{"rendered":"<p><a href=\"http:\/\/infois.ro\/wp-content\/uploads\/2018\/05\/proiect-Adamachi.jpg\"><img loading=\"lazy\" decoding=\"async\" class=\"alignleft wp-image-34599\" src=\"http:\/\/infois.ro\/wp-content\/uploads\/2018\/05\/proiect-Adamachi.jpg\" alt=\"\" width=\"359\" height=\"269\" srcset=\"https:\/\/infois.ro\/wp-content\/uploads\/2018\/05\/proiect-Adamachi.jpg 640w, https:\/\/infois.ro\/wp-content\/uploads\/2018\/05\/proiect-Adamachi-300x225.jpg 300w\" sizes=\"(max-width: 359px) 100vw, 359px\" \/><\/a><\/p>\n<p style=\"text-align: justify;\">\u00cen perioada ianuarie- decembrie 2018<strong>, Colegiul Agricol \u015fi de Industrie Alimentar\u0103 Vasile Adamachi\u201d<\/strong> din Ia\u015fi deruleaz\u0103 proiectul european dedicat Centenarului Primului R\u0103zboi Mondial \u201eDestine europene 1914-1918:Germania, Fran\u0163a \u015fi Rom\u00e2nia\u201d.<\/p>\n<p style=\"text-align: justify;\">Partenerii proiectului sunt : Liceul Louis-Thuillier Amiens Fran\u0163a, Montessori-Schule Chemintz Germania\u015fi CENTRE MONDIAL POUR LA PAIX, Verdun, Fran\u0163a.<\/p>\n<p style=\"text-align: justify;\"><strong>\u00a0<\/strong><strong>Obiectivul proiectului<\/strong><\/p>\n<p style=\"text-align: justify;\">Obiectivul principal al proiectului este stabilirea unui dialog cultural \u00eentre elevii \u0163\u0103rilor implicate pentru o mai bun\u0103 \u00eentelegere a evenimentelor istorice \u015fi sensibilizarea tinerei genera\u0163ii \u00een vederea evit\u0103rii unor astfel de atrocit\u0103\u0163i mondiale .<\/p>\n<p style=\"text-align: justify;\">Proiectul este sus\u021binut de OFAJ (Oficiul Franco-German pentru Tineret) \u0219i are ca scop sublinierea \u015fi sus\u0163inerea\u00a0 p\u0103cii \u00eentre Europa.<\/p>\n<p style=\"text-align: justify;\"><strong>Descrierea proiectului<\/strong><\/p>\n<p style=\"text-align: justify;\">Derularea proiectului presupune activit\u0103\u0163i de cercetare \u00een arhivele locale, interviuri cu urma\u015fii celor care au supravie\u0163uit razboiului, colectarea unor m\u0103rturii specifice perioadei \u015fi realizarea unor serii expozi\u0163ionale\u00a0 cu rezultatele cercet\u0103rilor.<\/p>\n<p style=\"text-align: justify;\">In ziua de 18 mai 2018, al\u0103turi de invita\u0163i speciali, profesori \u015fi istorici locali, un grup de 12 elevi coordona\u0163i de dou\u0103 cadre didactice, prof. N\u0103stase Andreea \u015fi prof. C\u0103lin Cristiana, vor sus\u0163ine un seminar \u00een videoconferin\u0163\u0103 \u00een care vor face o prim\u0103 analiz\u0103 a rezultatelor c\u0103ut\u0103rilor lor. At\u00e2t elevii c\u00e2t \u015fi profesorii vor avea ocazia s\u0103 se cunoasc\u0103 \u015fi s\u0103 reflecteze \u00eempreun\u0103 asupra unei expozi\u0163ii comune pe care o vor prezenta\u00een luna noiembrie 2018, \u00a0c\u00e2nd vor participa la \u00eent\u00e2lnirea transna\u0163ional\u0103 de la Verdun, Fran\u0163a \u015fi vor prezenta lucr\u0103rile finale la Parlamentul European de la Strasbourg.<\/p>\n<p style=\"text-align: justify;\">\u201eDestine europene\u201d se dore\u015fte a fi o pledoarie pentru pace la care tinerii din Fran\u0163a, Germania \u015fi Rom\u00e2nia \u00ee\u015fi vor da m\u00e2na pentru a sus\u0163ine un viitor lini\u015ftit.<\/p>\n<p style=\"text-align: justify;\">\n","protected":false},"excerpt":{"rendered":"<p>\u00cen perioada ianuarie- decembrie 2018, Colegiul Agricol \u015fi de Industrie Alimentar\u0103 Vasile Adamachi\u201d din Ia\u015fi&#8230; <a class=\"meta-more\" href=\"https:\/\/infois.ro\/?p=34598\">more <span class=\"meta-nav\">&raquo;<\/span><\/a><\/p>\n","protected":false},"author":2,"featured_media":34599,"comment_status":"closed","ping_status":"closed","sticky":false,"template":"","format":"standard","meta":{"footnotes":""},"categories":[12,41],"tags":[74,8870,9746,40,1209,3112],"aioseo_notices":[],"_links":{"self":[{"href":"https:\/\/infois.ro\/index.php?rest_route=\/wp\/v2\/posts\/34598"}],"collection":[{"href":"https:\/\/infois.ro\/index.php?rest_route=\/wp\/v2\/posts"}],"about":[{"href":"https:\/\/infois.ro\/index.php?rest_route=\/wp\/v2\/types\/post"}],"author":[{"embeddable":true,"href":"https:\/\/infois.ro\/index.php?rest_route=\/wp\/v2\/users\/2"}],"replies":[{"embeddable":true,"href":"https:\/\/infois.ro\/index.php?rest_route=%2Fwp%2Fv2%2Fcomments&post=34598"}],"version-history":[{"count":2,"href":"https:\/\/infois.ro\/index.php?rest_route=\/wp\/v2\/posts\/34598\/revisions"}],"predecessor-version":[{"id":34601,"href":"https:\/\/infois.ro\/index.php?rest_route=\/wp\/v2\/posts\/34598\/revisions\/34601"}],"wp:featuredmedia":[{"embeddable":true,"href":"https:\/\/infois.ro\/index.php?rest_route=\/wp\/v2\/media\/34599"}],"wp:attachment":[{"href":"https:\/\/infois.ro\/index.php?rest_route=%2Fwp%2Fv2%2Fmedia&parent=34598"}],"wp:term":[{"taxonomy":"category","embeddable":true,"href":"https:\/\/infois.ro\/index.php?rest_route=%2Fwp%2Fv2%2Fcategories&post=34598"},{"taxonomy":"post_tag","embeddable":true,"href":"https:\/\/infois.ro\/index.php?rest_route=%2Fwp%2Fv2%2Ftags&post=34598"}],"curies":[{"name":"wp","href":"https:\/\/api.w.org\/{rel}","templated":true}]}}