{"id":3483,"date":"2013-01-10T13:56:26","date_gmt":"2013-01-10T11:56:26","guid":{"rendered":"http:\/\/infois.ro\/?p=3483"},"modified":"2013-01-10T13:56:26","modified_gmt":"2013-01-10T11:56:26","slug":"ambasadorul-bosniei-herzegovina-s-a-intalnit-cu-primarul-gheorghe-nichita","status":"publish","type":"post","link":"https:\/\/infois.ro\/?p=3483","title":{"rendered":"Ambasadorul Bosniei-Herzegovina s-a \u00eent\u00e2lnit cu primarul Gheorghe Nichita"},"content":{"rendered":"<p style=\"text-align: justify;\"><a class=\"highslide\" onclick=\"return vz.expand(this)\" href=\"http:\/\/infois.ro\/wp-content\/uploads\/2013\/01\/Bosnia.jpg\"><img loading=\"lazy\" decoding=\"async\" class=\"alignleft size-large wp-image-3484\" title=\"Bosnia\" src=\"http:\/\/infois.ro\/wp-content\/uploads\/cache\/2013\/01\/Bosnia\/1350198260.jpg\" alt=\"\" width=\"640\" height=\"427\" \/><\/a><\/p>\n<p style=\"text-align: justify;\">Aflat \u00een vizit\u0103 oficial\u0103 la Ia\u0219i, ambasadorul Bosniei-Herzegovina \u00een Rom\u00e2nia, Excelen\u021ba Sa Dusko Kovacevic, s-a \u00eent\u00e2lnit joi, 10 ianuarie, la Palatul Roznovanu, cu primarul municipiului Ia\u0219i, Gheorghe Nichita. \u00cen cadrul \u00eentrevederii pe care a avut-o cu \u0219eful municipalit\u0103\u021bii, ambasadorul \u015fi-a exprimat dorin\u0163a de a ini\u0163ia schimburi culturale \u015fi economice cu Ia\u015fiul, schimburi de studen\u0163i, de bune practici \u00een domeniul administrativ \u015fi, eventual, de ini\u021biere a unor contacte \u015fi schimburi directe cu ora\u015ful Banja Luka, localitate cu o popula\u021bie de peste 200.000 locuitori, cu un profil universitar \u015fi cultural, similar municipiului Ia\u015fi. \u00cen cadrul \u00eent\u00e2lnirii s-a vorbit \u0219i despre posibilitatea invit\u0103rii unei delega\u0163ii ortodoxe din Bosnia-Herzegovina de a participa la S\u0103rb\u0103toarea Sfintei Cuvioase Parascheva de la Ia\u0219i, foarte cunoscut\u0103 de comunitatea majoritar ortodox\u0103 din aceast\u0103 \u021bar\u0103. Excelen\u0163a Sa Dusko Kovacevic, ambasadorul Bosniei-Herzegovina \u00een Rom\u00e2nia, a declarat, la final, c\u0103 a r\u0103mas pl\u0103cut impresionat de ora\u015ful Ia\u015fi, subliniind c\u0103 \u00ee\u015fi dore\u015fte s\u0103 revin\u0103 aici c\u00e2t mai cur\u00e2nd. \u201d\u00cen perioada imediat urm\u0103toare, Excelen\u0163a Sa, \u00eempreun\u0103 cu reprezentan\u0163ii municipalit\u0103\u0163ii ie\u015fene, vor lucra la identificarea domeniilor \u015fi modalit\u0103\u0163ilor celor mai potrivite pentru ini\u0163ierea unor cooper\u0103ri durabile\u201d, se precizeaz\u0103 \u00eentr-un comunicat al Biroului de pres\u0103 al Prim\u0103riei. Diplomat de carier\u0103, absolvent de Drept, Excelen\u021ba SA Dusko Kovacevic a lucrat anterior \u00een Ministerul de Externe al statului Bosnia-Herzegovina \u00een calitate de consilier pe probleme de integrare \u015fi responsabil de cooperare interna\u0163ional\u0103. Prioritatea declarat\u0103 a mandatului s\u0103u este amplificarea gradului de colaborare \u015fi schimburi cu Rom\u00e2nia. Dusko Kovacevik este interesat de investi\u0163ii rom\u00e2ne\u015fti \u00een Bosnia \u015fi de expertiza \u00een diverse domenii. Excelen\u021ba sa a mai lucrat \u00een Rom\u00e2nia \u00eentre anii 2003-2007 la SECI Regional Center (organiza\u0163ie de cooperare \u015fi combaterea criminalit\u0103\u0163ii \u00een sud-estul Europei). \u00cen cadrul vizitei pe care a \u00eentreprins-o joi la Ia\u0219i (prima \u00een calitate de ambasador al Republicii Bosnia-Herzegovina \u00een Rom\u00e2nia), Excelen\u021ba Sa Dusko Kovacevik a mai avut \u00eentrevederi, \u00een cursul dimine\u021bii, cu prefectul jude\u021bului Ia\u0219i &#8211; Romeo Olteanu \u0219i cu pre\u0219edintele Consiliului Jude\u021bean (CJ) \u2013 Cristian Adomni\u021bei, iar \u00een cursul dup\u0103 amiezii s-a \u00eent\u00e2lnit cu reprezentan\u0163ii Camerei de Comer\u0163 \u015fi Industrie (CCI) Ia\u015fi \u015fi, respectiv, cu conducerea Universit\u0103\u0163ii \u201eAl. I. Cuza\u201d, \u00een vederea identific\u0103rii domeniilor de cooperare \u00eentre Bosnia-Hertegovina \u015fi Ia\u0219i.<\/p>\n<p style=\"text-align: justify;\">\n","protected":false},"excerpt":{"rendered":"<p>Aflat \u00een vizit\u0103 oficial\u0103 la Ia\u0219i, ambasadorul Bosniei-Herzegovina \u00een Rom\u00e2nia, Excelen\u021ba Sa Dusko Kovacevic, s-a&#8230; <a class=\"meta-more\" href=\"https:\/\/infois.ro\/?p=3483\">more <span class=\"meta-nav\">&raquo;<\/span><\/a><\/p>\n","protected":false},"author":2,"featured_media":3484,"comment_status":"open","ping_status":"closed","sticky":false,"template":"","format":"standard","meta":{"footnotes":""},"categories":[1],"tags":[1468,1469,296],"aioseo_notices":[],"_links":{"self":[{"href":"https:\/\/infois.ro\/index.php?rest_route=\/wp\/v2\/posts\/3483"}],"collection":[{"href":"https:\/\/infois.ro\/index.php?rest_route=\/wp\/v2\/posts"}],"about":[{"href":"https:\/\/infois.ro\/index.php?rest_route=\/wp\/v2\/types\/post"}],"author":[{"embeddable":true,"href":"https:\/\/infois.ro\/index.php?rest_route=\/wp\/v2\/users\/2"}],"replies":[{"embeddable":true,"href":"https:\/\/infois.ro\/index.php?rest_route=%2Fwp%2Fv2%2Fcomments&post=3483"}],"version-history":[{"count":1,"href":"https:\/\/infois.ro\/index.php?rest_route=\/wp\/v2\/posts\/3483\/revisions"}],"predecessor-version":[{"id":3485,"href":"https:\/\/infois.ro\/index.php?rest_route=\/wp\/v2\/posts\/3483\/revisions\/3485"}],"wp:featuredmedia":[{"embeddable":true,"href":"https:\/\/infois.ro\/index.php?rest_route=\/wp\/v2\/media\/3484"}],"wp:attachment":[{"href":"https:\/\/infois.ro\/index.php?rest_route=%2Fwp%2Fv2%2Fmedia&parent=3483"}],"wp:term":[{"taxonomy":"category","embeddable":true,"href":"https:\/\/infois.ro\/index.php?rest_route=%2Fwp%2Fv2%2Fcategories&post=3483"},{"taxonomy":"post_tag","embeddable":true,"href":"https:\/\/infois.ro\/index.php?rest_route=%2Fwp%2Fv2%2Ftags&post=3483"}],"curies":[{"name":"wp","href":"https:\/\/api.w.org\/{rel}","templated":true}]}}