{"id":35344,"date":"2018-06-20T18:33:12","date_gmt":"2018-06-20T15:33:12","guid":{"rendered":"http:\/\/infois.ro\/?p=35344"},"modified":"2018-06-21T09:35:47","modified_gmt":"2018-06-21T06:35:47","slug":"campania-nationala-informare-acasa-siguranta-in-lume-la-colegiul-national-iasi","status":"publish","type":"post","link":"https:\/\/infois.ro\/?p=35344","title":{"rendered":"Campania na\u0163ional\u0103 &#8220;Informare acas\u0103! Siguran\u0163\u0103 \u00een lume!&#8221;, la Colegiul Na\u0163ional Ia\u015fi"},"content":{"rendered":"<p><a href=\"http:\/\/infois.ro\/wp-content\/uploads\/2017\/10\/colegiul-national.jpg\"><img loading=\"lazy\" decoding=\"async\" class=\"alignleft wp-image-31097\" src=\"http:\/\/infois.ro\/wp-content\/uploads\/2017\/10\/colegiul-national.jpg\" alt=\"\" width=\"372\" height=\"216\" srcset=\"https:\/\/infois.ro\/wp-content\/uploads\/2017\/10\/colegiul-national.jpg 640w, https:\/\/infois.ro\/wp-content\/uploads\/2017\/10\/colegiul-national-300x174.jpg 300w, https:\/\/infois.ro\/wp-content\/uploads\/2017\/10\/colegiul-national-139x80.jpg 139w, https:\/\/infois.ro\/wp-content\/uploads\/2017\/10\/colegiul-national-140x80.jpg 140w\" sizes=\"(max-width: 372px) 100vw, 372px\" \/><\/a><\/p>\n<p style=\"text-align: justify;\">Joi, 21 iunie, \u00eencep\u00e2nd cu ora 13.00, la Colegiul Na\u021bional Ia\u0219i, Ministerul pentru Rom\u00e2nii de Pretutindeni, \u00een colaborare cu Inspectoratul \u0218colar Jude\u0219ean Ia\u0219i, organizeaz\u0103\u00a0Campania na\u021bional\u0103 \u201cInformare acas\u0103! Siguran\u021b\u0103 \u00een lume!\u201d.\u00a0La eveniment vor participa 180 de elevi din ciclul liceal, dar \u0219i profesori, pentru a afla mai multe informa\u021bii importante despre drepturile \u0219i responsabilit\u0103\u021bile persoanelor care inten\u021bioneaz\u0103 s\u0103 studieze sau s\u0103 munceasc\u0103 \u00een alt\u0103 \u021bar\u0103, pentru a fi \u00een siguran\u021b\u0103 \u00een \u021bara-gazd\u0103, precum \u0219i despre modalitatea de evaluare \u0219i recunoa\u0219tere a diplomelor \u0219i a atestatelor de\u021binute de cet\u0103\u021benii Uniunii Europene. Toate aceste informa\u021bii vor fi prezentate de reprezentan\u021bii Ministerului pentru Rom\u00e2nii de Pretutindeni, care vor fi prezen\u021bi la Ia\u0219i pentru \u00eent\u00e2lnirea cu elevii \u0219i profesorii din jude\u021b. Evenimentul va fi moderat de c\u0103tre Secretarul de Stat pentru Rom\u00e2nii de Pretutindeni, Veaceslav \u0218aramet, iar reprezentan\u021bii de la Consiliul Jude\u021bean, Prefectur\u0103, Prim\u0103ria Ia\u0219i, I.S.J. Ia\u0219i, I.T.M., A.J.O.F.M. \u0219i\u00a0 A.N.I.T.P. Ia\u0219i vor sus\u021bine mesajele campaniei \u00een dialogul cu elevii. Campania na\u021bional\u0103 este o ini\u021biativ\u0103 a Ministerului pentru Rom\u00e2nii de Pretutindeni, care a fost lansat\u0103 \u00een luna mai \u0219i se va \u00eencheia \u00een ziua de 23 iulie a acestui an.<\/p>\n","protected":false},"excerpt":{"rendered":"<p>Joi, 21 iunie, \u00eencep\u00e2nd cu ora 13.00, la Colegiul Na\u021bional Ia\u0219i, Ministerul pentru Rom\u00e2nii de&#8230; <a class=\"meta-more\" href=\"https:\/\/infois.ro\/?p=35344\">more <span class=\"meta-nav\">&raquo;<\/span><\/a><\/p>\n","protected":false},"author":2,"featured_media":31097,"comment_status":"closed","ping_status":"closed","sticky":false,"template":"","format":"standard","meta":{"footnotes":""},"categories":[12],"tags":[3515,1320,313,10889],"aioseo_notices":[],"_links":{"self":[{"href":"https:\/\/infois.ro\/index.php?rest_route=\/wp\/v2\/posts\/35344"}],"collection":[{"href":"https:\/\/infois.ro\/index.php?rest_route=\/wp\/v2\/posts"}],"about":[{"href":"https:\/\/infois.ro\/index.php?rest_route=\/wp\/v2\/types\/post"}],"author":[{"embeddable":true,"href":"https:\/\/infois.ro\/index.php?rest_route=\/wp\/v2\/users\/2"}],"replies":[{"embeddable":true,"href":"https:\/\/infois.ro\/index.php?rest_route=%2Fwp%2Fv2%2Fcomments&post=35344"}],"version-history":[{"count":1,"href":"https:\/\/infois.ro\/index.php?rest_route=\/wp\/v2\/posts\/35344\/revisions"}],"predecessor-version":[{"id":35345,"href":"https:\/\/infois.ro\/index.php?rest_route=\/wp\/v2\/posts\/35344\/revisions\/35345"}],"wp:featuredmedia":[{"embeddable":true,"href":"https:\/\/infois.ro\/index.php?rest_route=\/wp\/v2\/media\/31097"}],"wp:attachment":[{"href":"https:\/\/infois.ro\/index.php?rest_route=%2Fwp%2Fv2%2Fmedia&parent=35344"}],"wp:term":[{"taxonomy":"category","embeddable":true,"href":"https:\/\/infois.ro\/index.php?rest_route=%2Fwp%2Fv2%2Fcategories&post=35344"},{"taxonomy":"post_tag","embeddable":true,"href":"https:\/\/infois.ro\/index.php?rest_route=%2Fwp%2Fv2%2Ftags&post=35344"}],"curies":[{"name":"wp","href":"https:\/\/api.w.org\/{rel}","templated":true}]}}