{"id":3565,"date":"2013-01-16T13:19:08","date_gmt":"2013-01-16T11:19:08","guid":{"rendered":"http:\/\/infois.ro\/?p=3565"},"modified":"2013-01-16T13:19:08","modified_gmt":"2013-01-16T11:19:08","slug":"cj-a-gasit-terenul-pe-care-va-fi-construit-primul-parc-industrial-din-judet","status":"publish","type":"post","link":"https:\/\/infois.ro\/?p=3565","title":{"rendered":"CJ a g\u0103sit terenul pe care va fi construit primul parc industrial din jude\u021b"},"content":{"rendered":"<p style=\"text-align: justify;\"><a class=\"highslide\" onclick=\"return vz.expand(this)\" href=\"http:\/\/infois.ro\/wp-content\/uploads\/2013\/01\/teren-parc.jpg\"><img loading=\"lazy\" decoding=\"async\" class=\"alignleft size-large wp-image-3566\" title=\"teren parc\" src=\"http:\/\/infois.ro\/wp-content\/uploads\/cache\/2013\/01\/teren-parc\/2078812691.jpg\" alt=\"\" width=\"455\" height=\"280\" \/><\/a>\u00centrunit \u00een \u0219edin\u021b\u0103 extraordinar\u0103, plenul Consiliului Local (CL) al comunei Miroslava a aprobat mar\u021bi, 15 ianuarie, trecerea \u00een patrimoniul Consiliului Jude\u0163ean a unei suprafe\u021be de 140 de hectare de teren de pe raza acestei localit\u0103\u021bi. La finalul \u015fedin\u0163ei, la care a fost prezent \u015fi pre\u015fedintele Consiliului Jude\u0163ean (CJ) Ia\u0219i, Cristian Adomni\u021bei, acesta a precizat c\u0103 decizia luat\u0103 de consilieri este una \u201ddeosebit de important\u0103\u201d pentru viitorul \u00eentregii regiuni de nord-est.<strong> <\/strong>\u201ePrimul parc industrial din jude\u0163 va fi construit de Consiliul Jude\u0163ean, pe terenul cedat de c\u0103tre Consiliul Local Miroslava. Este o decizie important\u0103, pentru care mul\u0163umim consilierilor locali. Acest lucru ne bucur\u0103 \u015fi ne \u00eencarc\u0103 cu responsabilitate\u201d, a declarat Cristian Adomni\u021bei. Potrivit \u0219efului Legislativului jude\u021bean, pa\u015fii urm\u0103tori vor fi emiterea unei Hot\u0103r\u00e2ri de c\u0103tre Consiliul Jude\u0163ean, care s\u0103 confirme decizia luat\u0103 de CL Miroslava, \u015fi \u00eenfiin\u0163area societ\u0103\u0163ii care va dezvolta parcul industrial.<strong><\/strong><\/p>\n","protected":false},"excerpt":{"rendered":"<p>\u00centrunit \u00een \u0219edin\u021b\u0103 extraordinar\u0103, plenul Consiliului Local (CL) al comunei Miroslava a aprobat mar\u021bi, 15&#8230; <a class=\"meta-more\" href=\"https:\/\/infois.ro\/?p=3565\">more <span class=\"meta-nav\">&raquo;<\/span><\/a><\/p>\n","protected":false},"author":2,"featured_media":3566,"comment_status":"open","ping_status":"closed","sticky":false,"template":"","format":"standard","meta":{"footnotes":""},"categories":[1,41],"tags":[74,374,1503,1080],"aioseo_notices":[],"_links":{"self":[{"href":"https:\/\/infois.ro\/index.php?rest_route=\/wp\/v2\/posts\/3565"}],"collection":[{"href":"https:\/\/infois.ro\/index.php?rest_route=\/wp\/v2\/posts"}],"about":[{"href":"https:\/\/infois.ro\/index.php?rest_route=\/wp\/v2\/types\/post"}],"author":[{"embeddable":true,"href":"https:\/\/infois.ro\/index.php?rest_route=\/wp\/v2\/users\/2"}],"replies":[{"embeddable":true,"href":"https:\/\/infois.ro\/index.php?rest_route=%2Fwp%2Fv2%2Fcomments&post=3565"}],"version-history":[{"count":1,"href":"https:\/\/infois.ro\/index.php?rest_route=\/wp\/v2\/posts\/3565\/revisions"}],"predecessor-version":[{"id":3567,"href":"https:\/\/infois.ro\/index.php?rest_route=\/wp\/v2\/posts\/3565\/revisions\/3567"}],"wp:featuredmedia":[{"embeddable":true,"href":"https:\/\/infois.ro\/index.php?rest_route=\/wp\/v2\/media\/3566"}],"wp:attachment":[{"href":"https:\/\/infois.ro\/index.php?rest_route=%2Fwp%2Fv2%2Fmedia&parent=3565"}],"wp:term":[{"taxonomy":"category","embeddable":true,"href":"https:\/\/infois.ro\/index.php?rest_route=%2Fwp%2Fv2%2Fcategories&post=3565"},{"taxonomy":"post_tag","embeddable":true,"href":"https:\/\/infois.ro\/index.php?rest_route=%2Fwp%2Fv2%2Ftags&post=3565"}],"curies":[{"name":"wp","href":"https:\/\/api.w.org\/{rel}","templated":true}]}}