{"id":3592,"date":"2013-01-17T13:54:02","date_gmt":"2013-01-17T11:54:02","guid":{"rendered":"http:\/\/infois.ro\/?p=3592"},"modified":"2013-01-17T13:54:02","modified_gmt":"2013-01-17T11:54:02","slug":"prima-intalnire-de-lucru-intre-reprezentantii-euroregiunilor-siret-prut-nistru-romania-si-nistru-ucraina","status":"publish","type":"post","link":"https:\/\/infois.ro\/?p=3592","title":{"rendered":"Prima \u00eent\u00e2lnire de lucru \u00eentre reprezentan\u0163ii Euroregiunilor Siret-Prut-Nistru (Rom\u00e2nia) \u015fi Nistru (Ucraina)"},"content":{"rendered":"<p style=\"text-align: justify;\"><a class=\"highslide\" onclick=\"return vz.expand(this)\" href=\"http:\/\/infois.ro\/wp-content\/uploads\/2013\/01\/euroregiune.jpg\"><img loading=\"lazy\" decoding=\"async\" class=\"alignleft size-large wp-image-3593\" title=\"euroregiune\" src=\"http:\/\/infois.ro\/wp-content\/uploads\/cache\/2013\/01\/euroregiune\/3803924901.jpg\" alt=\"\" width=\"560\" height=\"316\" \/><\/a><\/p>\n<p style=\"text-align: justify;\">\u00cen Sala \u201eEuropa\u201d a Consiliului Jude\u0163ean (CJ) Ia\u015fi s-a desf\u0103\u015furat joi, 17 ianuarie, prima \u00eent\u00e2lnire de lucru din cadrul Acordului de Cooperare dintre Euroregiunea Siret &#8211; Prut &#8211; Nistru \u015fi Euroregiunea Nistru.<strong> <\/strong>La ac\u0163iune au participat reprezentan\u0163i ai administra\u0163iei publice \u015fi organiza\u0163iilor nonguvernamentale din Rom\u00e2nia \u015fi Ucraina. \u201eLa scurt timp dup\u0103 semnarea Acordului de Cooperare dintre Euroregiunea Siret &#8211; Prut &#8211; Nistru \u015fi Euroregiunea Nistru am demarat c\u00e2teva proiecte \u00een comun. Urmeaz\u0103 ca \u00een cursul acestui an s\u0103 organiz\u0103m mai multe activit\u0103\u0163i comune \u00eentre cele dou\u0103 Euroregiuni. Pentru \u00eenceput ne vom axa pe dezvoltarea schimbului de experien\u0163\u0103 \u00eentre prim\u0103rii \u015fi \u00eenfr\u0103\u0163irea comunelor. Prima \u00eent\u00e2lnire \u00een acest sens s-a desf\u0103\u015furat chiar ast\u0103zi, \u00eentre primarul comunei Aroneanu, Benoni Moruzi, \u015fi primarul comunei Agronomichnoe, Volodymyr Postovoy\u201d, a declarat Drago\u015f Mandache, directorul Asocia\u0163iei Euroregiunea Siret &#8211; Prut &#8211; Nistru. La eveniment au participat \u015fi reprezentan\u0163i ai Asocia\u0163iei de Dezvoltare Intercomunitar\u0103 EURONEST, Asocia\u0163iei de Prietenie \u201eRom\u00e2nia &#8211; Ucraina\u201d, Asocia\u0163iei Centrul de Informare Turistic\u0103 Ia\u015fi, precum \u0219i primarul comunei ie\u0219ene Aroneanu. Delega\u0163ia ucrainian\u0103 a fost format\u0103 din Vasyl Sosyuk, \u0219eful adjunct pentru Rela\u0163ii Externe \u015fi Promovare a Euroregiunii \u201eNistru\u201d, Nataliia\u00a0Gizjko, \u0219i Vitalii\u00a0Maryna, coordonatori ai Euroregiunii\u00a0 \u201eNistru&#8221;, respectiv Volodymyr Postovoy, primarul comunei Agronomichnoe.<\/p>\n","protected":false},"excerpt":{"rendered":"<p>\u00cen Sala \u201eEuropa\u201d a Consiliului Jude\u0163ean (CJ) Ia\u015fi s-a desf\u0103\u015furat joi, 17 ianuarie, prima \u00eent\u00e2lnire&#8230; <a class=\"meta-more\" href=\"https:\/\/infois.ro\/?p=3592\">more <span class=\"meta-nav\">&raquo;<\/span><\/a><\/p>\n","protected":false},"author":2,"featured_media":3593,"comment_status":"open","ping_status":"closed","sticky":false,"template":"","format":"standard","meta":{"footnotes":""},"categories":[1,41],"tags":[374,507,547],"aioseo_notices":[],"_links":{"self":[{"href":"https:\/\/infois.ro\/index.php?rest_route=\/wp\/v2\/posts\/3592"}],"collection":[{"href":"https:\/\/infois.ro\/index.php?rest_route=\/wp\/v2\/posts"}],"about":[{"href":"https:\/\/infois.ro\/index.php?rest_route=\/wp\/v2\/types\/post"}],"author":[{"embeddable":true,"href":"https:\/\/infois.ro\/index.php?rest_route=\/wp\/v2\/users\/2"}],"replies":[{"embeddable":true,"href":"https:\/\/infois.ro\/index.php?rest_route=%2Fwp%2Fv2%2Fcomments&post=3592"}],"version-history":[{"count":1,"href":"https:\/\/infois.ro\/index.php?rest_route=\/wp\/v2\/posts\/3592\/revisions"}],"predecessor-version":[{"id":3594,"href":"https:\/\/infois.ro\/index.php?rest_route=\/wp\/v2\/posts\/3592\/revisions\/3594"}],"wp:featuredmedia":[{"embeddable":true,"href":"https:\/\/infois.ro\/index.php?rest_route=\/wp\/v2\/media\/3593"}],"wp:attachment":[{"href":"https:\/\/infois.ro\/index.php?rest_route=%2Fwp%2Fv2%2Fmedia&parent=3592"}],"wp:term":[{"taxonomy":"category","embeddable":true,"href":"https:\/\/infois.ro\/index.php?rest_route=%2Fwp%2Fv2%2Fcategories&post=3592"},{"taxonomy":"post_tag","embeddable":true,"href":"https:\/\/infois.ro\/index.php?rest_route=%2Fwp%2Fv2%2Ftags&post=3592"}],"curies":[{"name":"wp","href":"https:\/\/api.w.org\/{rel}","templated":true}]}}