{"id":3595,"date":"2013-01-17T13:56:15","date_gmt":"2013-01-17T11:56:15","guid":{"rendered":"http:\/\/infois.ro\/?p=3595"},"modified":"2013-01-17T14:01:13","modified_gmt":"2013-01-17T12:01:13","slug":"program-redus-cu-publicul-sambata-19-ianuarie-la-serviciul-public-de-inmatriculare-a-vehiculelor","status":"publish","type":"post","link":"https:\/\/infois.ro\/?p=3595","title":{"rendered":"Program redus cu publicul s\u00e2mb\u0103t\u0103, 19 ianuarie, la Serviciul Public de \u00cenmatriculare a Vehiculelor"},"content":{"rendered":"<p style=\"text-align: justify;\"><a class=\"highslide\" onclick=\"return vz.expand(this)\" href=\"http:\/\/infois.ro\/wp-content\/uploads\/2013\/01\/inmatriculari.jpg\"><img loading=\"lazy\" decoding=\"async\" class=\"alignleft size-large wp-image-3596\" title=\"inmatriculari\" src=\"http:\/\/infois.ro\/wp-content\/uploads\/cache\/2013\/01\/inmatriculari\/1702653403.jpg\" alt=\"\" width=\"640\" height=\"411\" \/><\/a><\/p>\n<p style=\"text-align: justify;\">S\u00e2mb\u0103t\u0103, 19 ianuarie, programul cu publicul de la Serviciul Public Comunitar Regim Permise de Conducere \u015fi \u00cenmatriculare a Vehiculelor Ia\u0219i va fi \u00eentre orele 8.30 \u015fi 14.00. Potrivit conducerii Institu\u021biei Prefectului Jude\u021bului Ia\u0219i, \u00een aceast\u0103 zi (c\u00e2nd se va recupera ziua liber\u0103 de 31 decembrie 2012), programul cu publicul va fi redus av\u00e2nd \u00een vedere c\u0103 se va lucre la\u00a0actualizarea sistemului informatics al unit\u0103\u021bii. \u201dDin aceast\u0103 cazuz\u0103, s\u00e2mb\u0103t\u0103, 19 ianuarie, nu se vor putea sus\u0163ine examene teoretice \u015fi nu se vor putea face program\u0103ri pentru examene. Celelalte activit\u0103\u0163i ale serviciului se vor desf\u0103\u015fura \u00een mod normal, \u00een intervalul orar 8.30 \u2013 14.00\u201d, a precizat Felix Guzg\u0103, purt\u0103torul de cuv\u00e2nt al Institu\u0163iei Prefectului Jude\u0163ului Ia\u015fi.<\/p>\n","protected":false},"excerpt":{"rendered":"<p>S\u00e2mb\u0103t\u0103, 19 ianuarie, programul cu publicul de la Serviciul Public Comunitar Regim Permise de Conducere&#8230; <a class=\"meta-more\" href=\"https:\/\/infois.ro\/?p=3595\">more <span class=\"meta-nav\">&raquo;<\/span><\/a><\/p>\n","protected":false},"author":2,"featured_media":3596,"comment_status":"open","ping_status":"closed","sticky":false,"template":"","format":"standard","meta":{"footnotes":""},"categories":[1],"tags":[446,1514],"aioseo_notices":[],"_links":{"self":[{"href":"https:\/\/infois.ro\/index.php?rest_route=\/wp\/v2\/posts\/3595"}],"collection":[{"href":"https:\/\/infois.ro\/index.php?rest_route=\/wp\/v2\/posts"}],"about":[{"href":"https:\/\/infois.ro\/index.php?rest_route=\/wp\/v2\/types\/post"}],"author":[{"embeddable":true,"href":"https:\/\/infois.ro\/index.php?rest_route=\/wp\/v2\/users\/2"}],"replies":[{"embeddable":true,"href":"https:\/\/infois.ro\/index.php?rest_route=%2Fwp%2Fv2%2Fcomments&post=3595"}],"version-history":[{"count":2,"href":"https:\/\/infois.ro\/index.php?rest_route=\/wp\/v2\/posts\/3595\/revisions"}],"predecessor-version":[{"id":3601,"href":"https:\/\/infois.ro\/index.php?rest_route=\/wp\/v2\/posts\/3595\/revisions\/3601"}],"wp:featuredmedia":[{"embeddable":true,"href":"https:\/\/infois.ro\/index.php?rest_route=\/wp\/v2\/media\/3596"}],"wp:attachment":[{"href":"https:\/\/infois.ro\/index.php?rest_route=%2Fwp%2Fv2%2Fmedia&parent=3595"}],"wp:term":[{"taxonomy":"category","embeddable":true,"href":"https:\/\/infois.ro\/index.php?rest_route=%2Fwp%2Fv2%2Fcategories&post=3595"},{"taxonomy":"post_tag","embeddable":true,"href":"https:\/\/infois.ro\/index.php?rest_route=%2Fwp%2Fv2%2Ftags&post=3595"}],"curies":[{"name":"wp","href":"https:\/\/api.w.org\/{rel}","templated":true}]}}