{"id":3598,"date":"2013-01-17T13:59:35","date_gmt":"2013-01-17T11:59:35","guid":{"rendered":"http:\/\/infois.ro\/?p=3598"},"modified":"2013-01-17T13:59:35","modified_gmt":"2013-01-17T11:59:35","slug":"un-nou-contingent-de-administratori-de-asociatii-de-proprietari-atestat-de-primarie","status":"publish","type":"post","link":"https:\/\/infois.ro\/?p=3598","title":{"rendered":"Un nou \u201dcontingent\u201d de administratori de asocia\u021bii de proprietari, atestat de Prim\u0103rie"},"content":{"rendered":"<p style=\"text-align: justify;\"><a class=\"highslide\" onclick=\"return vz.expand(this)\" href=\"http:\/\/infois.ro\/wp-content\/uploads\/2013\/01\/noi-administratori-atestati.jpg\"><img loading=\"lazy\" decoding=\"async\" class=\"alignleft size-large wp-image-3599\" title=\"noi administratori atestati\" src=\"http:\/\/infois.ro\/wp-content\/uploads\/cache\/2013\/01\/noi-administratori-atestati\/725823959.jpg\" alt=\"\" width=\"1024\" height=\"767\" \/><\/a><\/p>\n<p style=\"text-align: justify;\">Prim\u0103ria a organizat \u00een aceast\u0103 iarn\u0103 o\u00a0\u00a0nou\u0103 sesiune de examinare a persoanelor care au depus cereri pentru atestarea \u00een func\u021bia de administrator de imobile \u00een municipiul Ia\u015fi. Potrivit reprezentan\u021bilor municipalit\u0103\u021bii, proba scris\u0103 a examenului de atestare a avut loc \u00een data de 14.12.2012, iar cea de interviu \u00een 10.01.2013. \u00cen urma derul\u0103rii primei probe au fost depuse dou\u0103 contesta\u021bii, ambele respinse de membrii comisiei de solu\u021bionare a contesta\u021biilor. \u00cen ceea ce prive\u0219te proba scris\u0103, din totalul celor 24 de persoane care s-au prezentat la examen \u00een vederea ob\u021binerii atestatului de administrator, 14 au fost declarate respinse, iar zece admise. Din cele zece persoane admise la proba scris\u0103, nou\u0103 s-au prezentat ulterior \u00een fa\u021ba comisiei de examinare \u0219i au promovat\u00a0 proba interviului. Din men\u021bionat este faptul c\u0103, din totalul de 24 de persoane \u00eenscrise \u00een vederea ob\u021binerii atestatului de administrator, \u00een sesiunea decembrie 2012 \u2013 ianuarie 2013, patru dintre acestea au resus\u021binut examenul, toate promov\u00e2nd ulterior. Conform prevederilor Legii nr. 230\/2007 privind \u00eenfiin\u0163area, organizarea \u015fi func\u0163ionarea asocia\u0163iilor de proprietari, a H.G nr. 1588\/2007 Norme metodologice de aplicarea Legii nr. 230\/2007, precum \u015fi a\u00a0 Regulamentul privind procedura de atestare a persoanelor fizice care doresc s\u0103 ob\u0163in\u0103 calitatea de \u201eadministrator de imobile\u201d, aprobat prin HCL nr. 6\/27.02.2011, administratorul de imobile este persoana fizic\u0103 atestat\u0103 \u00een condi\u0163iile Legii nr. 230\/2007 \u015fi a H.G nr. 1588\/2007 ce desf\u0103\u015foar\u0103 activitatea de administrare a condominiului care include activit\u0103\u0163i de administrare tehnic\u0103, de contabilitate \u015fi casierie. Potrivit legii, atestarea persoanelor fizice care inten\u0163ioneaz\u0103 s\u0103 ocupe func\u0163ia de \u201eadministrator de imobile\u201d se face de c\u0103tre primar, conform prevederilor art. 54 din Legea nr. 230\/2007 privind \u00eenfiin\u0163area, organizarea \u015fi func\u0163ionarea asocia\u0163iilor de proprietari \u015fi ale art. 58 din HG nr. 1588\/2007 pentru aprobarea Normelor metodologice de aplicare a Legii nr.230\/2007. Astfel, persoanele care ocup\u0103 sau nu aceast\u0103 func\u0163ie (\u015fi care au absolvit cursurile de preg\u0103tire\u00a0\u00een acest domeniu),\u00a0dar nu sunt atestate,\u00a0pot depune cererea \u00eempreun\u0103 cu documentele solicitate \u00een vederea atest\u0103rii. Dosarul se verific\u0103 de\u00a0comisia de atestare\u00a0 (Serviciul asocia\u021bii proprietari din str. Sm\u00e2rdan nr. 5), dup\u0103 care se depune prin Registratura Prim\u0103riei. Regulamentul privind procedura de atestare, aprobat\u0103 prin HCL 6\/27.02.2011 prevede, la art. 27 c\u0103 activitatea persoanelor fizice atestate ca administratori de imobile se desf\u0103\u015foar\u0103 \u00een baza unui contract individual de munc\u0103 \u00eencheiat cu asocia\u0163ia de proprietari, potrivit dispozi\u0163iilor legale, iar la art. 29 c\u0103 administratorii \u00een func\u0163ie neatesta\u0163i au obliga\u0163ia de a-\u015fi depune dosarul pentru atestare \u00een termen de trei\u00a0 luni de la intrarea \u00een vigoare a regulamentului, dup\u0103 expirarea acestui termen, ei nemaiav\u00e2nd voie s\u0103 profeseze. Informa\u021biile cu privire la modul de organizare a examin\u0103rii, data\u00a0 \u015fi locul desf\u0103\u015fur\u0103rii acesteia, \u00een vederea \u00eenscrierii \u015fi particip\u0103rii la examen a persoanelor care doresc ob\u0163inerea atestatelor de administratori de imobile, se aduce la cuno\u0219tin\u021ba asocia\u021biilor de proprietari de c\u0103tre Serviciul Asocia\u0163ii de Proprietari din cadrul Prim\u0103riei municipiului Ia\u0219i.<\/p>\n","protected":false},"excerpt":{"rendered":"<p>Prim\u0103ria a organizat \u00een aceast\u0103 iarn\u0103 o\u00a0\u00a0nou\u0103 sesiune de examinare a persoanelor care au depus&#8230; <a class=\"meta-more\" href=\"https:\/\/infois.ro\/?p=3598\">more <span class=\"meta-nav\">&raquo;<\/span><\/a><\/p>\n","protected":false},"author":2,"featured_media":3599,"comment_status":"open","ping_status":"closed","sticky":false,"template":"","format":"standard","meta":{"footnotes":""},"categories":[1,41],"tags":[74,1513,296],"aioseo_notices":[],"_links":{"self":[{"href":"https:\/\/infois.ro\/index.php?rest_route=\/wp\/v2\/posts\/3598"}],"collection":[{"href":"https:\/\/infois.ro\/index.php?rest_route=\/wp\/v2\/posts"}],"about":[{"href":"https:\/\/infois.ro\/index.php?rest_route=\/wp\/v2\/types\/post"}],"author":[{"embeddable":true,"href":"https:\/\/infois.ro\/index.php?rest_route=\/wp\/v2\/users\/2"}],"replies":[{"embeddable":true,"href":"https:\/\/infois.ro\/index.php?rest_route=%2Fwp%2Fv2%2Fcomments&post=3598"}],"version-history":[{"count":1,"href":"https:\/\/infois.ro\/index.php?rest_route=\/wp\/v2\/posts\/3598\/revisions"}],"predecessor-version":[{"id":3600,"href":"https:\/\/infois.ro\/index.php?rest_route=\/wp\/v2\/posts\/3598\/revisions\/3600"}],"wp:featuredmedia":[{"embeddable":true,"href":"https:\/\/infois.ro\/index.php?rest_route=\/wp\/v2\/media\/3599"}],"wp:attachment":[{"href":"https:\/\/infois.ro\/index.php?rest_route=%2Fwp%2Fv2%2Fmedia&parent=3598"}],"wp:term":[{"taxonomy":"category","embeddable":true,"href":"https:\/\/infois.ro\/index.php?rest_route=%2Fwp%2Fv2%2Fcategories&post=3598"},{"taxonomy":"post_tag","embeddable":true,"href":"https:\/\/infois.ro\/index.php?rest_route=%2Fwp%2Fv2%2Ftags&post=3598"}],"curies":[{"name":"wp","href":"https:\/\/api.w.org\/{rel}","templated":true}]}}