{"id":36148,"date":"2018-08-10T06:39:01","date_gmt":"2018-08-10T03:39:01","guid":{"rendered":"http:\/\/infois.ro\/?p=36148"},"modified":"2018-08-10T06:39:01","modified_gmt":"2018-08-10T03:39:01","slug":"isj-iasi-castigat-un-proiect-de-22-milioane-lei","status":"publish","type":"post","link":"https:\/\/infois.ro\/?p=36148","title":{"rendered":"I\u0218J Ia\u0219i c\u00e2\u0219tigat un proiect de 2,2 milioane lei"},"content":{"rendered":"<p><a href=\"http:\/\/infois.ro\/wp-content\/uploads\/2015\/05\/isj-iasi.jpg\"><img loading=\"lazy\" decoding=\"async\" class=\"alignleft  wp-image-17567\" src=\"http:\/\/infois.ro\/wp-content\/uploads\/2015\/05\/isj-iasi.jpg\" alt=\"\" width=\"360\" height=\"240\" srcset=\"https:\/\/infois.ro\/wp-content\/uploads\/2015\/05\/isj-iasi.jpg 600w, https:\/\/infois.ro\/wp-content\/uploads\/2015\/05\/isj-iasi-300x200.jpg 300w\" sizes=\"(max-width: 360px) 100vw, 360px\" \/><\/a><\/p>\n<p id=\"yui_3_16_0_ym19_1_1533870098846_88845\" class=\"yiv7424658607gmail-MsoNoSpacing\" style=\"text-align: justify;\"><span id=\"yui_3_16_0_ym19_1_1533870098846_88846\">\u00cen cadrul\u00a0<\/span><span id=\"yui_3_16_0_ym19_1_1533870098846_88844\">Programului Opera\u021bional Capital Uman (POCU) 2014 &#8211; 2020, Axa Prioritar\u0103 6 \u201dEduca\u021bie \u0219i competen\u021be\u201d, Prioritatea de investi\u021bii 10.IV. \u201d<span id=\"yui_3_16_0_ym19_1_1533870098846_88852\">Sporirea relevan\u021bei pe pia\u021ba for\u021bei de munc\u0103\u00a0a educa\u021biei\u00a0\u0219i a sistemelor de formare, facilitarea tranzi\u021biei de la educa\u021bie la pia\u021ba for\u021bei de munc\u0103\u00a0 \u0219i consolidarea form\u0103rii\u00a0 \u0219i a sistemelor de formare profesional\u0103, precum\u00a0\u0219i a calit\u0103\u021bii lor, inclusiv prin mecanisme de anticipare a competen\u021belor, adaptarea programelor de \u00eenv\u0103\u021b\u0103m\u00e2nt\u00a0\u0219i instituirea\u00a0\u0219i dezvoltarea unor sisteme de \u00eenv\u0103\u021bare la locul de munc\u0103, inclusiv a unor sisteme de \u00eenv\u0103\u021bare dual\u0103\u00a0 \u0219i programe de ucenicie\u201d, proiectul\u00a0\u00a0<\/span><b id=\"yui_3_16_0_ym19_1_1533870098846_88853\">\u201dM \u201d, Cod SMIS: 108847<\/b>\u00a0depus de Inspectoratul \u0218colar Jude\u021bean Ia\u0219i a fost aprobat \u0219i va beneficia de o finan\u021bare de\u00a0<b>2.226.033,34 lei<\/b>\u00a0pentru a fi implementat \u00een parteneriat cu\u00a0<b id=\"yui_3_16_0_ym19_1_1533870098846_88854\">DANKE CONSULTING SRL<\/b>\u00a0\u0219i\u00a0<b>EDINFO SRL<\/b>\u00a0\u00eentr-o perioad\u0103 de 24 luni.<\/span><\/p>\n<p id=\"yui_3_16_0_ym19_1_1533870098846_88856\" class=\"yiv7424658607gmail-MsoNoSpacing\" style=\"text-align: justify;\"><b>Scopul proiectului<\/b><span id=\"yui_3_16_0_ym19_1_1533870098846_88855\">\u00a0const\u0103 \u00een facilitarea accesului pe pia\u021ba muncii a 334 de elevi din \u00eenv\u0103\u021b\u0103m\u00e2ntul preuniversitar cu profil mecanic din jude\u021bul Ia\u0219i, pentru o perioad\u0103 de 24 de luni, prin derularea de activit\u0103\u021bi de \u00eenv\u0103\u021bare \u00een cadrul stagiilor de practic\u0103, \u00eenregistr\u0103rii \u0219i dezvolt\u0103rii unor firme de exerci\u021biu, respectiv \u00eentreprinderi simulate, activit\u0103\u021bi de consiliere \u0219i orientare profesional\u0103.<\/span><\/p>\n<p id=\"yui_3_16_0_ym19_1_1533870098846_88858\" class=\"yiv7424658607gmail-MsoNoSpacing\" style=\"text-align: justify;\"><b>Obiectivele specifice\u00a0<\/b><span id=\"yui_3_16_0_ym19_1_1533870098846_88857\">\u0219i\u00a0<b>rezultatele\u00a0<\/b>vizate \u00een implementarea proiectului sunt: identificarea unor noi parteneri de practic\u0103 \u0219i consolidarea parteneriatelor existente \u00eentre unit\u0103\u021bile de \u00eenv\u0103\u021b\u0103m\u00e2nt \u0219i agen\u021bii economici; organizarea de stagii de practic\u0103 \u00een domeniul mecanic pentru 334 de elevi din jude\u021bul Ia\u0219i; stimularea particip\u0103rii la programul de stagii de practic\u0103 pentru elevii grupului \u021bint\u0103; \u00eenscrierea \u0219i dezvoltarea a 50 de firme de exerci\u021biu, furnizarea de servicii de consiliere \u0219i orientare profesional\u0103 pentru 334 elevi din grupul \u021bint\u0103; facilitarea comunic\u0103rii \u0219i derularea activit\u0103\u021bilor de practic\u0103 prin crearea \u0219i dezvoltarea unei platforme online; aplicarea modelului \u201dangajatul ideal\u201d \u00een dezvoltarea competen\u021belor pentru cei 334 elevi inclu\u0219i \u00een grupul \u021bint\u0103, analiza nevoilor actuale \u0219i viitoare ale pie\u021bei muncii la nivel regional \u0219i local, asigurarea sustenabilit\u0103\u021bii sistemului de educa\u021bie \u0219i a mediului de afaceri \u00een regiunea Nord-Est.<\/span><\/p>\n<p id=\"yui_3_16_0_ym19_1_1533870098846_88860\" class=\"yiv7424658607gmail-MsoNoSpacing\" style=\"text-align: justify;\"><span id=\"yui_3_16_0_ym19_1_1533870098846_88859\">M\u0103surile dezvoltate \u0219i implementate \u00een cadrul proiectului vor contribui la prevenirea abandonului \u0219colar \u0219i vor asigura persoanelor care realizeaz\u0103 stagiile de practic\u0103 abilit\u0103\u021bile de baz\u0103, necesare integr\u0103rii pe pia\u021ba muncii. Pe termen mediu \u0219i lung, rezultatele proiectului \u0219i m\u0103surile aplicate pentru facilitarea inser\u021biei absolven\u021bilor de \u00eenv\u0103\u021b\u0103m\u00e2nt preuniversitar pe pia\u021ba muncii pot fi preluate \u0219i integrate \u00een programe educa\u021bionale la nivel local sau regional. De asemenea, bunele practici dezvoltate\u00a0\u00a0\u00een cadrul acestui proiect vor fi\u00a0\u00a0multiplicate \u0219i integrate \u00een alte programe sau proiecte care au drept scop \u00eembun\u0103t\u0103\u021birea accesului \u0219i particip\u0103rii la educa\u021bie, contribuind astfel la dezvoltarea resursei umane locale, implicit la o dezvoltare local\u0103 economic\u0103 \u0219i social\u0103 durabil\u0103.<\/span><\/p>\n<p id=\"yui_3_16_0_ym19_1_1533870098846_88862\" class=\"yiv7424658607gmail-MsoNoSpacing\" style=\"text-align: justify;\"><span id=\"yui_3_16_0_ym19_1_1533870098846_88861\">Prin atragerea de fonduri nerambursabile \u00een vederea implement\u0103rii proiectelor cu finan\u021bare extern\u0103 de tip Erasmus+, POCU \u0219i SEE, Inspectoratul \u0218colar Jude\u021bean Ia\u0219i demonstreaz\u0103 implicarea activ\u0103 \u0219i competent\u0103 \u00een ini\u021bierea \u0219i dezvoltarea de programe educative inovative, \u00een implementarea de politici \u0219i interven\u021bii educa\u021bionale de succes pentru \u00eenv\u0103\u021b\u0103m\u00e2ntul jude\u021bului Ia\u0219i.<\/span><\/p>\n","protected":false},"excerpt":{"rendered":"<p>\u00cen cadrul\u00a0Programului Opera\u021bional Capital Uman (POCU) 2014 &#8211; 2020, Axa Prioritar\u0103 6 \u201dEduca\u021bie \u0219i competen\u021be\u201d,&#8230; <a class=\"meta-more\" href=\"https:\/\/infois.ro\/?p=36148\">more <span class=\"meta-nav\">&raquo;<\/span><\/a><\/p>\n","protected":false},"author":2,"featured_media":17567,"comment_status":"closed","ping_status":"closed","sticky":false,"template":"","format":"standard","meta":{"footnotes":""},"categories":[12],"tags":[271,2681,40,1637,3112],"aioseo_notices":[],"_links":{"self":[{"href":"https:\/\/infois.ro\/index.php?rest_route=\/wp\/v2\/posts\/36148"}],"collection":[{"href":"https:\/\/infois.ro\/index.php?rest_route=\/wp\/v2\/posts"}],"about":[{"href":"https:\/\/infois.ro\/index.php?rest_route=\/wp\/v2\/types\/post"}],"author":[{"embeddable":true,"href":"https:\/\/infois.ro\/index.php?rest_route=\/wp\/v2\/users\/2"}],"replies":[{"embeddable":true,"href":"https:\/\/infois.ro\/index.php?rest_route=%2Fwp%2Fv2%2Fcomments&post=36148"}],"version-history":[{"count":1,"href":"https:\/\/infois.ro\/index.php?rest_route=\/wp\/v2\/posts\/36148\/revisions"}],"predecessor-version":[{"id":36149,"href":"https:\/\/infois.ro\/index.php?rest_route=\/wp\/v2\/posts\/36148\/revisions\/36149"}],"wp:featuredmedia":[{"embeddable":true,"href":"https:\/\/infois.ro\/index.php?rest_route=\/wp\/v2\/media\/17567"}],"wp:attachment":[{"href":"https:\/\/infois.ro\/index.php?rest_route=%2Fwp%2Fv2%2Fmedia&parent=36148"}],"wp:term":[{"taxonomy":"category","embeddable":true,"href":"https:\/\/infois.ro\/index.php?rest_route=%2Fwp%2Fv2%2Fcategories&post=36148"},{"taxonomy":"post_tag","embeddable":true,"href":"https:\/\/infois.ro\/index.php?rest_route=%2Fwp%2Fv2%2Ftags&post=36148"}],"curies":[{"name":"wp","href":"https:\/\/api.w.org\/{rel}","templated":true}]}}