{"id":36438,"date":"2018-09-04T15:30:56","date_gmt":"2018-09-04T12:30:56","guid":{"rendered":"http:\/\/infois.ro\/?p=36438"},"modified":"2018-09-04T15:30:56","modified_gmt":"2018-09-04T12:30:56","slug":"proiect-privind-accesul-pe-piata-muncii-pentru-334-de-elevi-cu-specializarea-electrotehnica","status":"publish","type":"post","link":"https:\/\/infois.ro\/?p=36438","title":{"rendered":"Proiect privind accesul pe pia\u0163a muncii pentru 334 de elevi cu specializarea electrotehnic\u0103"},"content":{"rendered":"<p><a href=\"http:\/\/infois.ro\/wp-content\/uploads\/2018\/09\/elevi-practica-electrotehnica.jpg\"><img loading=\"lazy\" decoding=\"async\" class=\"alignleft  wp-image-36439\" src=\"http:\/\/infois.ro\/wp-content\/uploads\/2018\/09\/elevi-practica-electrotehnica.jpg\" alt=\"\" width=\"337\" height=\"224\" srcset=\"https:\/\/infois.ro\/wp-content\/uploads\/2018\/09\/elevi-practica-electrotehnica.jpg 640w, https:\/\/infois.ro\/wp-content\/uploads\/2018\/09\/elevi-practica-electrotehnica-300x200.jpg 300w\" sizes=\"(max-width: 337px) 100vw, 337px\" \/><\/a><\/p>\n<p style=\"text-align: justify;\">Joi, 6 septembrie 2018, de la ora 11,30, la Hotelul Unirea din Ia\u0219i va avea loc conferin\u021ba de lansare a proiectului \u201dELECTRONIC INTERNSHIPS \u2013 Elemente Locale de Educa\u021bie \u0219i Competen\u021be Tehnice Readaptate la Ocupa\u021biile \u0219i Nevoile din Industriile Competitive\u201d, finan\u021bat prin Programul Opera\u021bional Capital Uman (POCU) 2014 &#8211; 2020, Axa Prioritar\u0103 6 \u201dEduca\u021bie \u0219i competen\u021be\u201d. Lider de proiect este Inspectoratul \u0218colar Jude\u021bean Ia\u0219i, av\u00e2nd ca parteneri firma DANKE CONSULTING SRL \u0219i Funda\u021bia EDINFO. Durata proiectului, care are un buget de \u00a02,166,765.14 lei, este de 24 luni. &#8220;Obiectivul general al proiectului este de a facilita accesul pe pia\u021ba muncii pentru 334 de elevi din \u00eenv\u0103\u021b\u0103m\u00e2ntul preuniversitar din jude\u021bul Ia\u0219i, av\u00e2nd calific\u0103ri din domeniul \u201dElectrotehnic\u0103\u201d. Acesta se va realiza prin derularea de activit\u0103\u021bi de \u00eenv\u0103\u021bare, aferente stagiilor de practic\u0103, consilierea \u0219i orientarea profesional\u0103 a beneficiarilor, \u00eenregistrarea \u0219i dezvoltarea unor firme de exerci\u021biu\/ \u00eentreprinderi simulate \u015f.a.&#8221;, a declarat Consuela Ro\u015fu, coordonatorul proiectului.<\/p>\n","protected":false},"excerpt":{"rendered":"<p>Joi, 6 septembrie 2018, de la ora 11,30, la Hotelul Unirea din Ia\u0219i va avea&#8230; <a class=\"meta-more\" href=\"https:\/\/infois.ro\/?p=36438\">more <span class=\"meta-nav\">&raquo;<\/span><\/a><\/p>\n","protected":false},"author":2,"featured_media":36439,"comment_status":"closed","ping_status":"closed","sticky":false,"template":"","format":"standard","meta":{"footnotes":""},"categories":[12,41],"tags":[74,227,11123,40,579,3112],"aioseo_notices":[],"_links":{"self":[{"href":"https:\/\/infois.ro\/index.php?rest_route=\/wp\/v2\/posts\/36438"}],"collection":[{"href":"https:\/\/infois.ro\/index.php?rest_route=\/wp\/v2\/posts"}],"about":[{"href":"https:\/\/infois.ro\/index.php?rest_route=\/wp\/v2\/types\/post"}],"author":[{"embeddable":true,"href":"https:\/\/infois.ro\/index.php?rest_route=\/wp\/v2\/users\/2"}],"replies":[{"embeddable":true,"href":"https:\/\/infois.ro\/index.php?rest_route=%2Fwp%2Fv2%2Fcomments&post=36438"}],"version-history":[{"count":1,"href":"https:\/\/infois.ro\/index.php?rest_route=\/wp\/v2\/posts\/36438\/revisions"}],"predecessor-version":[{"id":36440,"href":"https:\/\/infois.ro\/index.php?rest_route=\/wp\/v2\/posts\/36438\/revisions\/36440"}],"wp:featuredmedia":[{"embeddable":true,"href":"https:\/\/infois.ro\/index.php?rest_route=\/wp\/v2\/media\/36439"}],"wp:attachment":[{"href":"https:\/\/infois.ro\/index.php?rest_route=%2Fwp%2Fv2%2Fmedia&parent=36438"}],"wp:term":[{"taxonomy":"category","embeddable":true,"href":"https:\/\/infois.ro\/index.php?rest_route=%2Fwp%2Fv2%2Fcategories&post=36438"},{"taxonomy":"post_tag","embeddable":true,"href":"https:\/\/infois.ro\/index.php?rest_route=%2Fwp%2Fv2%2Ftags&post=36438"}],"curies":[{"name":"wp","href":"https:\/\/api.w.org\/{rel}","templated":true}]}}