{"id":37059,"date":"2018-10-05T15:06:29","date_gmt":"2018-10-05T12:06:29","guid":{"rendered":"http:\/\/infois.ro\/?p=37059"},"modified":"2018-10-05T15:06:29","modified_gmt":"2018-10-05T12:06:29","slug":"incep-lucrarile-de-constructie-a-podului-peste-raul-bahlui-din-zona-cicoarei","status":"publish","type":"post","link":"https:\/\/infois.ro\/?p=37059","title":{"rendered":"\u00cencep lucr\u0103rile de construc\u0163ie a podului peste r\u00e2ul Bahlui, din zona Cicoarei"},"content":{"rendered":"<p><a href=\"http:\/\/infois.ro\/wp-content\/uploads\/2018\/10\/pod-Cicoare.jpg\"><img loading=\"lazy\" decoding=\"async\" class=\"alignleft  wp-image-37060\" src=\"http:\/\/infois.ro\/wp-content\/uploads\/2018\/10\/pod-Cicoare.jpg\" alt=\"\" width=\"380\" height=\"214\" srcset=\"https:\/\/infois.ro\/wp-content\/uploads\/2018\/10\/pod-Cicoare.jpg 640w, https:\/\/infois.ro\/wp-content\/uploads\/2018\/10\/pod-Cicoare-300x169.jpg 300w, https:\/\/infois.ro\/wp-content\/uploads\/2018\/10\/pod-Cicoare-140x80.jpg 140w\" sizes=\"(max-width: 380px) 100vw, 380px\" \/><\/a><\/p>\n<p style=\"text-align: justify;\">Primarul Mihai Chirica a semnat vineri, 5 octombrie, ordinul de \u00eencepere a lucr\u0103rilor pentru construirea podului peste r\u00e2ul Bahlui, din zona Cicoarei, care urmeaz\u0103 s\u0103 fac\u0103 leg\u0103tura \u00eentre cartierele Dacia \u2013 Alexandru cel Bun \u015fi Galata, \u00een dreptul fostului Stadion \u201eConstructorul\u201d. Lucr\u0103rile, care au ca termen de finalizare 12 luni, vor fi executate de SC Geiger Transilvania SRL, care a c\u00e2\u015ftigat licita\u0163ia organizat\u0103 de Prim\u0103rie, valoarea contractului fiind de 6.538.000 de lei, f\u0103r\u0103 TVA. Proiectul tehnic prevede execu\u0163ia unui pod din beton armat cu o lungime total\u0103 de 60,7 metri, cu trei deschideri. \u00cen sec\u0163iunea transversal\u0103, podul are o l\u0103\u0163ime de 19,4 metri, cu c\u00e2te dou\u0103 benzi pe sens, din care 14,8 metri patru benzi carosabile, iar 1,5 metri trotuare \u015fi spa\u0163iu de siguran\u0163\u0103. \u201eEste o lucrare frumoas\u0103, care va face leg\u0103tura \u00eentre dou\u0103 cartiere importante ale municipiului \u015fi care va cre\u015fte gradul de confort al locuitorilor din zonele respective, fiind, \u00een acela\u015fi timp, o prim\u0103 etap\u0103 din cadrul procesului de reabilitare \u015fi modernizare a perimetrului str\u0103zii Cicoarei\u201d, a declarat primarul Mihai Chirica. El a precizat, de asemenea, c\u0103 odat\u0103 cu finalizarea acestei investi\u0163ii va fi descongestionat \u015fi traficul din zona intersec\u0163iei Podu Ro\u015f, prin dirijarea circula\u0163iei autovehiculelor spre Miroslava. Programului general de regenerare, civilizare \u0219i integrare urban\u0103 a zonei Cicoarei prevede realizarea a trei poduri din beton armat, amplasate pe traseul dintre strada Sarmisegetuza \u0219i strada Str\u0103mo\u015filor. Astfel, cel de-al doilea pod, tot cu patru benzi, va fi amplasat \u00eentre prelungirea bulevardului Dacia \u015fi strada Erou Cap. Aurelian Ionescu, pentru a asigura accesul autovehiculelor \u015fi pietonilor \u00eentre Mal St\u00e2ng Bahlui \u015fi extravilan, \u00een zona metropolitan\u0103. Cel de-al treilea pod, cu dou\u0103 benzi carosabile \u015fi trotuare, urmeaz\u0103 s\u0103 fac\u0103 leg\u0103tura \u00eentre strada Sarmisegetuza \u015fi strada Alexandru B\u0103rbat, facilit\u00e2nd astfel leg\u0103tura \u00eentre Mal St\u00e2ng Bahlui \u015fi cartierul Ap\u0103r\u0103torii Patriei.<\/p>\n","protected":false},"excerpt":{"rendered":"<p>Primarul Mihai Chirica a semnat vineri, 5 octombrie, ordinul de \u00eencepere a lucr\u0103rilor pentru construirea&#8230; <a class=\"meta-more\" href=\"https:\/\/infois.ro\/?p=37059\">more <span class=\"meta-nav\">&raquo;<\/span><\/a><\/p>\n","protected":false},"author":2,"featured_media":37060,"comment_status":"closed","ping_status":"closed","sticky":false,"template":"","format":"standard","meta":{"footnotes":""},"categories":[1,41],"tags":[74,40,846,11219,3936],"aioseo_notices":[],"_links":{"self":[{"href":"https:\/\/infois.ro\/index.php?rest_route=\/wp\/v2\/posts\/37059"}],"collection":[{"href":"https:\/\/infois.ro\/index.php?rest_route=\/wp\/v2\/posts"}],"about":[{"href":"https:\/\/infois.ro\/index.php?rest_route=\/wp\/v2\/types\/post"}],"author":[{"embeddable":true,"href":"https:\/\/infois.ro\/index.php?rest_route=\/wp\/v2\/users\/2"}],"replies":[{"embeddable":true,"href":"https:\/\/infois.ro\/index.php?rest_route=%2Fwp%2Fv2%2Fcomments&post=37059"}],"version-history":[{"count":1,"href":"https:\/\/infois.ro\/index.php?rest_route=\/wp\/v2\/posts\/37059\/revisions"}],"predecessor-version":[{"id":37061,"href":"https:\/\/infois.ro\/index.php?rest_route=\/wp\/v2\/posts\/37059\/revisions\/37061"}],"wp:featuredmedia":[{"embeddable":true,"href":"https:\/\/infois.ro\/index.php?rest_route=\/wp\/v2\/media\/37060"}],"wp:attachment":[{"href":"https:\/\/infois.ro\/index.php?rest_route=%2Fwp%2Fv2%2Fmedia&parent=37059"}],"wp:term":[{"taxonomy":"category","embeddable":true,"href":"https:\/\/infois.ro\/index.php?rest_route=%2Fwp%2Fv2%2Fcategories&post=37059"},{"taxonomy":"post_tag","embeddable":true,"href":"https:\/\/infois.ro\/index.php?rest_route=%2Fwp%2Fv2%2Ftags&post=37059"}],"curies":[{"name":"wp","href":"https:\/\/api.w.org\/{rel}","templated":true}]}}