{"id":37417,"date":"2018-10-25T09:26:27","date_gmt":"2018-10-25T06:26:27","guid":{"rendered":"http:\/\/infois.ro\/?p=37417"},"modified":"2018-10-25T09:26:27","modified_gmt":"2018-10-25T06:26:27","slug":"cele-mai-bune-proiecte-de-voluntariat-ale-anului-premiate-de-casa-de-cultura-a-studentilor","status":"publish","type":"post","link":"https:\/\/infois.ro\/?p=37417","title":{"rendered":"Cele mai bune proiecte de voluntariat ale anului, premiate de Casa de Cultur\u0103 a Studen\u0163ilor"},"content":{"rendered":"<p><a href=\"http:\/\/infois.ro\/wp-content\/uploads\/2016\/03\/casa-studentilor.jpg\"><img loading=\"lazy\" decoding=\"async\" class=\"alignleft  wp-image-22697\" src=\"http:\/\/infois.ro\/wp-content\/uploads\/2016\/03\/casa-studentilor.jpg\" alt=\"\" width=\"377\" height=\"253\" srcset=\"https:\/\/infois.ro\/wp-content\/uploads\/2016\/03\/casa-studentilor.jpg 640w, https:\/\/infois.ro\/wp-content\/uploads\/2016\/03\/casa-studentilor-300x201.jpg 300w\" sizes=\"(max-width: 377px) 100vw, 377px\" \/><\/a><\/p>\n<p style=\"text-align: justify;\">P\u00e2n\u0103 pe data de 1 noiembrie, organiza\u021biile \u0219i institu\u021biile care implic\u0103 voluntari sunt invitate s\u0103 nominalizeze oameni \u0219i ini\u021biative care schimb\u0103 comunitatea prin voluntariat, \u00een cadrul \u201eGalei Voluntarului Ie\u0219ean\u201d \u2013 edi\u0163ia \u00a02018. Organizat de Casa de Cultur\u0103 a Studen\u021bilor (CCS), evenimentul, programat pe data de 6 noiembrie, ofer\u0103 o binemeritat\u0103 recunoa\u0219tere public\u0103 oamenilor care d\u0103ruiesc \u00een mod constant din timpul, energia \u0219i abilit\u0103\u021bile lor pentru a se implica \u00een societatea din care fac parte. \u201eNominaliz\u0103rile se pot face \u00een cadrul celor patru categorii: voluntarul anului, proiectul de voluntariat al anului, coordonatorul de voluntariat al anului \u0219i organiza\u021bia de voluntari a anului. De asemenea, pentru\u00a0 a doua categorie men\u021bionat\u0103 se poate opta pentru unul dintre domeniile: social, s\u0103n\u0103tate, cultur\u0103, sport, educa\u021bie, centenar, activism civic \u0219i mediu\u201d, a declarat, miercuri, \u00eentr-o conferin\u0163\u0103 de pres\u0103, Bogdan Crucianu, directorul executiv al CCS Ia\u015fi. \u00censcrierea nominaliz\u0103rilor se face exclusiv online, prin completarea unui formular. Persoanele nominalizate trebuie s\u0103 fi derulat activitatea pe durata anului 2018 sau s\u0103 fac\u0103 parte din proiectele aflate \u00een derulare, cu condi\u021bia ca acestea s\u0103 fie suficient de avansate pentru a permite raportarea unor rezultate preliminare concrete. \u00cen cadrul \u00eent\u00e2lnirii cu ziari\u015ftii, Bogdan Crucianu a mai anun\u0163at c\u0103 \u00een cadrul \u201eZilelor Casei de Cultur\u0103 a Studen\u0163ilor\u201d, s\u00e2mb\u0103t\u0103, 3 noiembrie, cu ocazia \u00eemplinirii a 55\u00a0 de ani de existen\u0163\u0103 a Ansamblului \u201eDoina Carpa\u0163ilor\u201d, este programat un concert folcloric \u00een care \u00ee\u015fi vor da concursul soli\u015fti \u015fi forma\u0163ii de muzic\u0103 popular\u0103 din loclaitate, al\u0103turi de fo\u015fti \u015fi actuali membri ai ansamblului. Tot \u00een cadrul \u201eZilelor CCS\u201d, pe 5 noiembrie este programat\u0103 \u201eZiua Por\u0163ilor Deschise\u201d la Casa de Cultur\u0103 a Studen\u0163ilor. P\u00e2n\u0103 atunci, \u00eens\u0103, s\u00e2mb\u0103t\u0103, 27 octombrie, Casa de Cultur\u0103 a Studen\u0163ilor Ia\u015fi, \u00eempreun\u0103 cu Liga Studen\u0163ilor Electrotehni\u015fti, organizeaz\u0103 o ac\u0163iune de ecologizare a Dealului Repedea, la care \u015fi-au anun\u0163at p\u00e2n\u0103 acum participarea peste 300 de tineri, ini\u0163iativa fiind inclus\u0103 \u00een cadrul proiectului \u201eVreau o \u0163ar\u0103 ca afar\u0103!\u201d, derulat de institu\u0163ia ie\u015fean\u0103 de cultur\u0103. (Edmond Macri)<\/p>\n","protected":false},"excerpt":{"rendered":"<p>P\u00e2n\u0103 pe data de 1 noiembrie, organiza\u021biile \u0219i institu\u021biile care implic\u0103 voluntari sunt invitate s\u0103&#8230; <a class=\"meta-more\" href=\"https:\/\/infois.ro\/?p=37417\">more <span class=\"meta-nav\">&raquo;<\/span><\/a><\/p>\n","protected":false},"author":2,"featured_media":22697,"comment_status":"closed","ping_status":"closed","sticky":false,"template":"","format":"standard","meta":{"footnotes":""},"categories":[12,41],"tags":[74,1745,40,3112,478],"aioseo_notices":[],"_links":{"self":[{"href":"https:\/\/infois.ro\/index.php?rest_route=\/wp\/v2\/posts\/37417"}],"collection":[{"href":"https:\/\/infois.ro\/index.php?rest_route=\/wp\/v2\/posts"}],"about":[{"href":"https:\/\/infois.ro\/index.php?rest_route=\/wp\/v2\/types\/post"}],"author":[{"embeddable":true,"href":"https:\/\/infois.ro\/index.php?rest_route=\/wp\/v2\/users\/2"}],"replies":[{"embeddable":true,"href":"https:\/\/infois.ro\/index.php?rest_route=%2Fwp%2Fv2%2Fcomments&post=37417"}],"version-history":[{"count":1,"href":"https:\/\/infois.ro\/index.php?rest_route=\/wp\/v2\/posts\/37417\/revisions"}],"predecessor-version":[{"id":37418,"href":"https:\/\/infois.ro\/index.php?rest_route=\/wp\/v2\/posts\/37417\/revisions\/37418"}],"wp:featuredmedia":[{"embeddable":true,"href":"https:\/\/infois.ro\/index.php?rest_route=\/wp\/v2\/media\/22697"}],"wp:attachment":[{"href":"https:\/\/infois.ro\/index.php?rest_route=%2Fwp%2Fv2%2Fmedia&parent=37417"}],"wp:term":[{"taxonomy":"category","embeddable":true,"href":"https:\/\/infois.ro\/index.php?rest_route=%2Fwp%2Fv2%2Fcategories&post=37417"},{"taxonomy":"post_tag","embeddable":true,"href":"https:\/\/infois.ro\/index.php?rest_route=%2Fwp%2Fv2%2Ftags&post=37417"}],"curies":[{"name":"wp","href":"https:\/\/api.w.org\/{rel}","templated":true}]}}