{"id":37616,"date":"2018-11-06T09:21:49","date_gmt":"2018-11-06T07:21:49","guid":{"rendered":"http:\/\/infois.ro\/?p=37616"},"modified":"2018-11-06T09:21:49","modified_gmt":"2018-11-06T07:21:49","slug":"prefectul-marian-serbescu-a-semnat-ordinul-privind-incetarea-mandatului-primarului-comunei-andrieseni","status":"publish","type":"post","link":"https:\/\/infois.ro\/?p=37616","title":{"rendered":"Prefectul Marian \u015eerbescu a semnat ordinul privind \u00eencetarea mandatului primarului comunei Andrie\u015feni"},"content":{"rendered":"<p><a href=\"http:\/\/infois.ro\/wp-content\/uploads\/2018\/11\/maricel-turcu.jpg\"><img loading=\"lazy\" decoding=\"async\" class=\"alignleft  wp-image-37617\" src=\"http:\/\/infois.ro\/wp-content\/uploads\/2018\/11\/maricel-turcu.jpg\" alt=\"\" width=\"344\" height=\"212\" srcset=\"https:\/\/infois.ro\/wp-content\/uploads\/2018\/11\/maricel-turcu.jpg 640w, https:\/\/infois.ro\/wp-content\/uploads\/2018\/11\/maricel-turcu-300x185.jpg 300w\" sizes=\"(max-width: 344px) 100vw, 344px\" \/><\/a><\/p>\n<p style=\"text-align: justify;\">Prefectul jude\u0163ului Ia\u015fi, Marian \u015eerbescu, a semnat luni ordinul prin care se constat\u0103 \u00eencetarea mandatul primarului comunei Andrie\u0219eni, Maricel Turcu, ca urmare a condamn\u0103rii prin hot\u0103r\u00e2re judec\u0103toreasc\u0103 definitiv\u0103. \u201dLa nivelul Serviciului Juridic al Institu\u021biei Prefectului au fost analizate toate documentele avute la dispozi\u021bie \u0219i s-a stabilit c\u0103 sunt \u00eentrunite toate condi\u021biile pentru a se lua aceast\u0103 decizie. Exist\u0103 un referat al secretarului comunei Andrie\u0219eni, conform prevederilor legale, o comunicare din partea instan\u021bei precum c\u0103 decizia de condamnare luat\u0103 \u00een cazul actualului primar este definitiv\u0103. Ca urmare, am semnat ordinul de prefect prin care se constat\u0103 \u00eencetarea mandatului primarului, \u00eenainte de expirarea duratei normale a acestuia\u201d, a declarat prefectul. O informare cu privire la aceast\u0103 decizie urmeaz\u0103 s\u0103 fie transmis\u0103 \u0219i la nivelul autorit\u0103\u021bilor centrale. P\u00e2n\u0103 la organizarea de alegeri, conducerea va fi asigurat\u0103 de c\u0103tre viceprimarul localit\u0103\u021bii desemnat de Consiliul Local. Ordinul de prefect privind \u00eencetarea de drept a mandatului \u00eenainte de expirarea duratei normale a fost emis \u00een baza prevederilor art. 15, alin. 2, lit.e \u0219i art 16 din Legea nr. 393\/2004 privind Statutul ale\u0219ilor locali, cu modific\u0103rile \u0219i complet\u0103rile ulterioare \u0219i \u00een baza Deciziei nr. 18\/2015 a \u00cenaltei Cur\u021bi de Casa\u021bie \u0219i Justi\u021bie \u2013 Completul pentru dezlegarea unor chestiuni de drept, precizeaz\u0103 \u00eentr-un comunicat Biroul de pres\u0103 al Institu\u0163iei Prefectului Jude\u0163ului Ia\u015fi.<\/p>\n","protected":false},"excerpt":{"rendered":"<p>Prefectul jude\u0163ului Ia\u015fi, Marian \u015eerbescu, a semnat luni ordinul prin care se constat\u0103 \u00eencetarea mandatul&#8230; <a class=\"meta-more\" href=\"https:\/\/infois.ro\/?p=37616\">more <span class=\"meta-nav\">&raquo;<\/span><\/a><\/p>\n","protected":false},"author":2,"featured_media":37617,"comment_status":"closed","ping_status":"closed","sticky":false,"template":"","format":"standard","meta":{"footnotes":""},"categories":[1,41],"tags":[74,11418,40,8340,11419,11417],"aioseo_notices":[],"_links":{"self":[{"href":"https:\/\/infois.ro\/index.php?rest_route=\/wp\/v2\/posts\/37616"}],"collection":[{"href":"https:\/\/infois.ro\/index.php?rest_route=\/wp\/v2\/posts"}],"about":[{"href":"https:\/\/infois.ro\/index.php?rest_route=\/wp\/v2\/types\/post"}],"author":[{"embeddable":true,"href":"https:\/\/infois.ro\/index.php?rest_route=\/wp\/v2\/users\/2"}],"replies":[{"embeddable":true,"href":"https:\/\/infois.ro\/index.php?rest_route=%2Fwp%2Fv2%2Fcomments&post=37616"}],"version-history":[{"count":1,"href":"https:\/\/infois.ro\/index.php?rest_route=\/wp\/v2\/posts\/37616\/revisions"}],"predecessor-version":[{"id":37618,"href":"https:\/\/infois.ro\/index.php?rest_route=\/wp\/v2\/posts\/37616\/revisions\/37618"}],"wp:featuredmedia":[{"embeddable":true,"href":"https:\/\/infois.ro\/index.php?rest_route=\/wp\/v2\/media\/37617"}],"wp:attachment":[{"href":"https:\/\/infois.ro\/index.php?rest_route=%2Fwp%2Fv2%2Fmedia&parent=37616"}],"wp:term":[{"taxonomy":"category","embeddable":true,"href":"https:\/\/infois.ro\/index.php?rest_route=%2Fwp%2Fv2%2Fcategories&post=37616"},{"taxonomy":"post_tag","embeddable":true,"href":"https:\/\/infois.ro\/index.php?rest_route=%2Fwp%2Fv2%2Ftags&post=37616"}],"curies":[{"name":"wp","href":"https:\/\/api.w.org\/{rel}","templated":true}]}}