{"id":37642,"date":"2018-11-07T09:20:20","date_gmt":"2018-11-07T07:20:20","guid":{"rendered":"http:\/\/infois.ro\/?p=37642"},"modified":"2018-11-07T09:20:20","modified_gmt":"2018-11-07T07:20:20","slug":"maricel-popa-procedura-prelungirii-duratei-de-implementare-a-proiectelor-europene-este-un-demers-uzual","status":"publish","type":"post","link":"https:\/\/infois.ro\/?p=37642","title":{"rendered":"Maricel Popa: Procedura prelungirii duratei de implementare a proiectelor europene este un demers uzual"},"content":{"rendered":"<p><a href=\"http:\/\/infois.ro\/wp-content\/uploads\/2018\/08\/spitalul-de-copii-sf-maria.jpg\"><img loading=\"lazy\" decoding=\"async\" class=\"alignleft  wp-image-36273\" src=\"http:\/\/infois.ro\/wp-content\/uploads\/2018\/08\/spitalul-de-copii-sf-maria.jpg\" alt=\"\" width=\"319\" height=\"212\" srcset=\"https:\/\/infois.ro\/wp-content\/uploads\/2018\/08\/spitalul-de-copii-sf-maria.jpg 640w, https:\/\/infois.ro\/wp-content\/uploads\/2018\/08\/spitalul-de-copii-sf-maria-300x200.jpg 300w\" sizes=\"(max-width: 319px) 100vw, 319px\" \/><\/a><\/p>\n<p style=\"text-align: justify;\">Av\u00e2nd \u00een vedere informa\u021biile ap\u0103rute recent \u00een mass media cu privire la prelungirea cu 15 luni a termenului de implementare a proiectului \u201eReabilitarea \u015fi modernizarea Spitalului Clinic de Urgen\u0163\u0103 pentru Copii Sf. Maria Ia\u015fi\u201d, precum \u0219i afirma\u021biile unor consilieri jude\u021beni conform c\u0103rora \u201ddocumenta\u0163iile de atribuire a unor servicii au fost pline de erori\u201d, reprezentan\u021bii Consiliului Jude\u021bean (CJ) Ia\u015fi au f\u0103cut, mar\u0163i, o serie de preciz\u0103ri cu privire la acest subiect. Astfel, \u00eentr-un comunicat de pres\u0103, reprezentan\u0163ii CJ Ia\u015fi afirm\u0103 c\u0103, \u00een vederea desf\u0103\u0219ur\u0103rii proiectului \u201dReabilitarea \u0219i modernizarea Spitalului Clinic de Urgen\u021b\u0103 pentru Copii &lt;&lt;Sf\u00e2nta Maria&gt;&gt; Ia\u0219i\u201d,\u00a0 Consiliul Jude\u021bean a respectat pa\u0219ii legali \u00een ceea ce prive\u0219te derularea procedurilor de achizi\u021bie \u0219i s-a conformat \u00eentocmai cerin\u021belor impuse de Agen\u021bia Na\u021bional\u0103 de Achizi\u021bii Publice (ANAP). \u201eP\u00e2n\u0103 acum s-au derulat proceduri de achizi\u021bie public\u0103 pentru atribuirea mai multor contracte aferente proiectului. Licita\u021bia pentru servicii proiectare faza documenta\u021bie tehnic\u0103 pentru ob\u021binerea autoriza\u021biei de construire, documenta\u021bie tehnic\u0103 pentru organizarea execu\u021biei, proiectul tehnic, detalii de execu\u021bie, documenta\u021bie de avizare,\u00a0scenariu de securitate, certificat de performan\u021b\u0103 energetic\u0103 \u0219i asisten\u021b\u0103 tehnic\u0103 din partea proiectantului, prin procedura on-line a fost anulat\u0103 de c\u0103tre ANAP, (conform\u00a0 raportului procedurii nr. 1551\/18.05.2018), nefiind depus\u0103 nicio ofert\u0103 admisibil\u0103\u201d, se precizeaz\u0103 \u00een comunicat. Av\u00e2nd \u00een vedere acest lucru, precum \u0219i termenele din contractul de finan\u021bare,\u00a0 Consiliul Jude\u021bean Ia\u0219i a solicitat Organismului de Implementare a Programului Opera\u021bional Regional modificarea planului, prin introducerea unei achizi\u021bii mixte \u0219i anume: \u201dServicii elaborare proiect tehnic \u0219i asisten\u021b\u0103 tehnic\u0103 a proiectantului \u0219i execu\u021bie lucr\u0103ri de construc\u021bie\u201d pentru reabilitarea \u0219i modernizarea Spitalului Clinic de Urgen\u021b\u0103 pentru Copii\u00a0\u201cSf. Maria\u201d Ia\u0219i, astfel c\u0103 documenta\u021bia de atribuire pentru acest contract se afl\u0103, din nou, \u00een verificare la ANAP, se men\u0163ioneaz\u0103 \u00een documentul dat publicit\u0103\u0163ii de CJ Ia\u015fi, \u00een care se adaug\u0103 c\u0103 procedura pentru achizi\u021bia de servicii de consultan\u021b\u0103 pentru managementul de\u00a0 proiect se afl\u0103 \u00een etapa evalu\u0103rii ofertelor. \u201eAv\u00e2nd \u00een vedere at\u00e2t modific\u0103rile impuse de ANAP, durata mare de desf\u0103\u0219urare a procedurilor de achizi\u021bie public\u0103, valoarea \u0219i complexitatea contractelor, Consiliul Jude\u021bean a solicitat \u0219i a primit aprobare de la OI pentru POR, ADR Nord-Est pentru prelungirea perioadei de implementare a proiectului cu 15 luni, respectiv p\u00e2n\u0103 la data de 31.01.2023. \u00a0Documenta\u021bia pentru \u201dServicii elaborare proiect tehnic \u0219i asisten\u021b\u0103 tehnic\u0103 a proiectantului \u0219i execu\u021bie lucr\u0103ri de construc\u021bie\u201d se afl\u0103, din nou, \u00een verificare la ANAP\u201d, sus\u0163in reprezentan\u0163ii Consiliului Jude\u0163ean Ia\u015fi. P\u00e2n\u0103 acum, au fost semnate contractele pentru servicii de publicitate \u0219i promovare, servicii de audit financiar extern, servicii verificare tehnic\u0103, urm\u00e2nd s\u0103 fie ini\u021biat\u0103 procedura pentru achizi\u021bia de servicii de dirigen\u021bie de \u0219antier. \u00a0\u201dProcedura de \u00eencheiere a unor acte adi\u021bionale de prelungire a duratei de implementare este un demers uzual \u00een ceea ce prive\u0219te derularea proiectelor cu finan\u021bare european\u0103, determinat \u00een special de durata procedurilor de atribuire. Aceste demersuri nu diminueaz\u0103 cu nimic impactul proiectelor, ci doar vin s\u0103 conformeze un calendar estimat cu clauzele contractuale. Unii dintre consilierii jude\u021beni fie nu citesc \u00een \u00eentregime r\u0103spunsurile pe care le primesc de la institu\u021biile abilitate, fie nu le \u00een\u021beleg&#8230;\u201d, afirm\u0103 Maricel Popa, pre\u0219edintele Consiliului Jude\u021bean Ia\u0219i.<\/p>\n","protected":false},"excerpt":{"rendered":"<p>Av\u00e2nd \u00een vedere informa\u021biile ap\u0103rute recent \u00een mass media cu privire la prelungirea cu 15&#8230; <a class=\"meta-more\" href=\"https:\/\/infois.ro\/?p=37642\">more <span class=\"meta-nav\">&raquo;<\/span><\/a><\/p>\n","protected":false},"author":2,"featured_media":36273,"comment_status":"closed","ping_status":"closed","sticky":false,"template":"","format":"standard","meta":{"footnotes":""},"categories":[1,41],"tags":[74,10187,40,2522,3112,10799],"aioseo_notices":[],"_links":{"self":[{"href":"https:\/\/infois.ro\/index.php?rest_route=\/wp\/v2\/posts\/37642"}],"collection":[{"href":"https:\/\/infois.ro\/index.php?rest_route=\/wp\/v2\/posts"}],"about":[{"href":"https:\/\/infois.ro\/index.php?rest_route=\/wp\/v2\/types\/post"}],"author":[{"embeddable":true,"href":"https:\/\/infois.ro\/index.php?rest_route=\/wp\/v2\/users\/2"}],"replies":[{"embeddable":true,"href":"https:\/\/infois.ro\/index.php?rest_route=%2Fwp%2Fv2%2Fcomments&post=37642"}],"version-history":[{"count":1,"href":"https:\/\/infois.ro\/index.php?rest_route=\/wp\/v2\/posts\/37642\/revisions"}],"predecessor-version":[{"id":37643,"href":"https:\/\/infois.ro\/index.php?rest_route=\/wp\/v2\/posts\/37642\/revisions\/37643"}],"wp:featuredmedia":[{"embeddable":true,"href":"https:\/\/infois.ro\/index.php?rest_route=\/wp\/v2\/media\/36273"}],"wp:attachment":[{"href":"https:\/\/infois.ro\/index.php?rest_route=%2Fwp%2Fv2%2Fmedia&parent=37642"}],"wp:term":[{"taxonomy":"category","embeddable":true,"href":"https:\/\/infois.ro\/index.php?rest_route=%2Fwp%2Fv2%2Fcategories&post=37642"},{"taxonomy":"post_tag","embeddable":true,"href":"https:\/\/infois.ro\/index.php?rest_route=%2Fwp%2Fv2%2Ftags&post=37642"}],"curies":[{"name":"wp","href":"https:\/\/api.w.org\/{rel}","templated":true}]}}