{"id":379,"date":"2012-05-30T09:30:21","date_gmt":"2012-05-30T06:30:21","guid":{"rendered":"http:\/\/infois.ro\/?p=379"},"modified":"2012-05-31T08:32:20","modified_gmt":"2012-05-31T05:32:20","slug":"pana-la-sfarsitul-acestei-saptamani-la-iasi-vor-ajunge-toate-cele-trei-milioane-de-buletine-de-vot","status":"publish","type":"post","link":"https:\/\/infois.ro\/?p=379","title":{"rendered":"P\u00e2n\u0103 la sf\u00e2r\u015fitul acestei s\u0103pt\u0103m\u00e2ni, la Ia\u015fi vor ajunge toate cele trei milioane de buletine de vot"},"content":{"rendered":"<p><a href=\"http:\/\/infois.ro\/wp-content\/uploads\/2012\/05\/buletine-de-vot.jpg\"><img loading=\"lazy\" decoding=\"async\" class=\"alignleft  wp-image-412\" title=\"buletine de vot\" src=\"http:\/\/infois.ro\/wp-content\/uploads\/2012\/05\/buletine-de-vot.jpg\" alt=\"\" width=\"308\" height=\"183\" \/><\/a>\u00cen cursul acestei s\u0103pt\u0103m\u00e2ni urmeaz\u0103 s\u0103 ajung\u0103 la Ia\u015fi toate cele trei milioane de buletine de vot, necesare pentru alegerile locale din 10 iunie. Potrivit reprezentan\u0163ilor Institu\u0163iei Prefectului Jude\u0163ului Ia\u015fi, p\u00e2n\u0103 acum au fost aduse circa dou\u0103 treimi din totalul buletinelor de vot, restul urm\u00e2nd s\u0103 ajung\u0103 m\u00e2ine. \u201eP\u00e2n\u0103 pe data de 3 iunie trebuie ca la fiecare birou electoral de circumscrip\u0163ie, prim\u0103rie \u015fi la fiecare sec\u0163ie de votare s\u0103 fie afi\u015fate modele de buletine de vot cu men\u0163iunea anulat. Exist\u0103 patru categorii de buletine de vot, unul pentru Consiliul Local, unul pentru primar, unul pentru Consiliul Jude\u0163ean \u015fi unul pentru alegerea pre\u015fedintele Consiliului Jude\u0163ean. Buletinele de vot au fost predate pentru municipiul Ia\u015fi. Pe data de 5 iunie se predau buletinele de vot pentru municipiul Pa\u015fcani \u015fi la celelalte ora\u015fe. Pe data de 8 iunie se vor preda buletinele de vot pentru celelalte circumscrip\u0163ii electorale din jude\u0163\u201d, a precizat Felix Guzg\u0103, purt\u0103torul de cuv\u00e2nt al Institu\u0163iei Prefectului Jude\u0163ului Ia\u015fi. \u00cen jude\u0163ul Ia\u015fi \u00a0exist\u0103 un num\u0103r total de 684.480 de persoane cu drept de vot, conform datelor statistice de la data de 1 iulie 201. \u00cen municipiul Ia\u015fi sunt \u00eenscri\u015fi oficial 280.047 de alegatori, la Pa\u015fcani sunt 36.817 aleg\u0103tori, la H\u00e2rl\u0103u sunt 9.584 alegatori, la Podu Iloaiei &#8211; 8.063 alegatori, iar la T\u00e2rgu Frumos &#8211; 11.421 alegatori. Pentru alegerile locale din 10 iunie, la nivelul jude\u0163ului Ia\u015fi vor fi amenajate 708 sec\u0163ii de votare, dintre care 236 numai \u00een municipiul Ia\u015fi. La fiecare sec\u0163ie de votare va exista c\u00e2te o \u015ftampil\u0103 de control \u015fi alte cinci \u015ftampile cu men\u0163iunea VOTAT.<\/p>\n","protected":false},"excerpt":{"rendered":"<p>\u00cen cursul acestei s\u0103pt\u0103m\u00e2ni urmeaz\u0103 s\u0103 ajung\u0103 la Ia\u015fi toate cele trei milioane de buletine&#8230; <a class=\"meta-more\" href=\"https:\/\/infois.ro\/?p=379\">more <span class=\"meta-nav\">&raquo;<\/span><\/a><\/p>\n","protected":false},"author":2,"featured_media":0,"comment_status":"open","ping_status":"open","sticky":false,"template":"","format":"standard","meta":{"footnotes":""},"categories":[1],"tags":[247,40,249,248],"aioseo_notices":[],"_links":{"self":[{"href":"https:\/\/infois.ro\/index.php?rest_route=\/wp\/v2\/posts\/379"}],"collection":[{"href":"https:\/\/infois.ro\/index.php?rest_route=\/wp\/v2\/posts"}],"about":[{"href":"https:\/\/infois.ro\/index.php?rest_route=\/wp\/v2\/types\/post"}],"author":[{"embeddable":true,"href":"https:\/\/infois.ro\/index.php?rest_route=\/wp\/v2\/users\/2"}],"replies":[{"embeddable":true,"href":"https:\/\/infois.ro\/index.php?rest_route=%2Fwp%2Fv2%2Fcomments&post=379"}],"version-history":[{"count":4,"href":"https:\/\/infois.ro\/index.php?rest_route=\/wp\/v2\/posts\/379\/revisions"}],"predecessor-version":[{"id":415,"href":"https:\/\/infois.ro\/index.php?rest_route=\/wp\/v2\/posts\/379\/revisions\/415"}],"wp:attachment":[{"href":"https:\/\/infois.ro\/index.php?rest_route=%2Fwp%2Fv2%2Fmedia&parent=379"}],"wp:term":[{"taxonomy":"category","embeddable":true,"href":"https:\/\/infois.ro\/index.php?rest_route=%2Fwp%2Fv2%2Fcategories&post=379"},{"taxonomy":"post_tag","embeddable":true,"href":"https:\/\/infois.ro\/index.php?rest_route=%2Fwp%2Fv2%2Ftags&post=379"}],"curies":[{"name":"wp","href":"https:\/\/api.w.org\/{rel}","templated":true}]}}