{"id":37950,"date":"2018-11-22T09:12:19","date_gmt":"2018-11-22T07:12:19","guid":{"rendered":"http:\/\/infois.ro\/?p=37950"},"modified":"2018-11-22T09:12:19","modified_gmt":"2018-11-22T07:12:19","slug":"disputa-intre-primarie-si-consiliul-judetean-pe-tema-noii-sali-de-sport-de-la-iasi","status":"publish","type":"post","link":"https:\/\/infois.ro\/?p=37950","title":{"rendered":"Disput\u0103 \u00eentre Prim\u0103rie \u015fi Consiliul Jude\u0163ean pe tema noii s\u0103li de sport de la Ia\u015fi"},"content":{"rendered":"<p><a href=\"http:\/\/infois.ro\/wp-content\/uploads\/2018\/11\/sala-de-sport-iasi.jpg\"><img loading=\"lazy\" decoding=\"async\" class=\"alignleft  wp-image-37951\" src=\"http:\/\/infois.ro\/wp-content\/uploads\/2018\/11\/sala-de-sport-iasi.jpg\" alt=\"\" width=\"383\" height=\"220\" srcset=\"https:\/\/infois.ro\/wp-content\/uploads\/2018\/11\/sala-de-sport-iasi.jpg 640w, https:\/\/infois.ro\/wp-content\/uploads\/2018\/11\/sala-de-sport-iasi-300x173.jpg 300w, https:\/\/infois.ro\/wp-content\/uploads\/2018\/11\/sala-de-sport-iasi-139x80.jpg 139w, https:\/\/infois.ro\/wp-content\/uploads\/2018\/11\/sala-de-sport-iasi-140x80.jpg 140w\" sizes=\"(max-width: 383px) 100vw, 383px\" \/><\/a><\/p>\n<p style=\"text-align: justify;\">Prim\u0103ria Municipiului Ia\u015fi nu are nimic \u00eempotriva construirii unor s\u0103li de sport \u00een celelalte localit\u0103\u0163i din jude\u0163, \u00eens\u0103 nu este de acord cu acuza\u0163iile formulate de pre\u015fedintele Consiliului Jude\u0163ean Ia\u015fi, Maricel Popa, privind refuzul municipalit\u0103\u0163ii de a pune la dispozi\u0163ie un teren pentru realizarea unei asemenea investi\u0163ii la Ia\u015fi. \u201e\u00cenc\u0103 de la instalarea \u00een func\u0163ie, \u00een luna ianuarie 2017, a Guvernului Grindeanu, Prim\u0103ria Municipiului Ia\u015fi a \u00eenaintat c\u0103tre Compania Na\u0163ional\u0103 de Investi\u0163ii solicitarea privind alocarea de fonduri pentru construirea unei s\u0103li de sport ultramoderne, cu o capacitate de 16.000 de locuri, \u00een zona Moara de V\u00e2nt. P\u00e2n\u0103 acum au fost ob\u0163inute 22 de avize de la diverse institu\u0163ii ale statului pentru \u00eenceperea lucr\u0103rilor la noua construc\u0163ie. Singurul aviz care lipse\u015fte este cel de la Consiliul Jude\u0163ean Ia\u015fi\u201d, a declarat, miercuri, \u00eentr-o conferin\u0163\u0103 de pres\u0103, primarul Mihai Chirica. Acesta a precizat c\u0103 motivul principal pentru care Consiliul Jude\u0163ean Ia\u015fi nu dore\u015fte s\u0103 elibereze avizul necesar pentru \u00eenceperea lucr\u0103rilor \u00eel reprezint\u0103 a\u015fa-zisa problem\u0103 a c\u0103ii de comunica\u0163ie, av\u00e2nd \u00een vedere c\u0103 \u00een zon\u0103 urmeaz\u0103 s\u0103 fie construit \u015fi viitorul Spital Regional de Urgen\u0163e. \u201eEste o fals\u0103 problem\u0103 cea a c\u0103ii de comunica\u0163ie. Oricum, \u00een zona respectiv\u0103 sunt prev\u0103zute c\u0103i de comunica\u0163ie, at\u00e2t spre spital, c\u00e2t \u015fi spre sala de sport. Noi a\u015ftept\u0103m, \u00een continuare, avizul unic de la Consiliul Jude\u0163ean, pentru a putea apoi depune documenta\u0163ia complet\u0103 la Compania Na\u0163ional\u0103 de Investi\u0163ii\u201d, a mai spus primarul Mihai Chirica. Recent, autorit\u0103\u0163ile locale din Miroslava au anun\u0163at c\u0103 sunt dispuse s\u0103 pun\u0103 la dispozi\u0163ie un teren \u00een apropiere de Uricani, pentru construc\u0163ia unei s\u0103li de sport ultramoderne. Acesta ar urma s\u0103 fie construit\u0103 cu bani de la Guvern, respectiv cu fonduri de la Compania Na\u0163ional\u0103 de Investi\u0163ii, printr-un program special care are ca scop modernizarea infrastructurii sportive din teritoriu.<\/p>\n","protected":false},"excerpt":{"rendered":"<p>Prim\u0103ria Municipiului Ia\u015fi nu are nimic \u00eempotriva construirii unor s\u0103li de sport \u00een celelalte localit\u0103\u0163i&#8230; <a class=\"meta-more\" href=\"https:\/\/infois.ro\/?p=37950\">more <span class=\"meta-nav\">&raquo;<\/span><\/a><\/p>\n","protected":false},"author":2,"featured_media":37951,"comment_status":"closed","ping_status":"closed","sticky":false,"template":"","format":"standard","meta":{"footnotes":""},"categories":[1,41],"tags":[74,2744,40,1583,296,208],"aioseo_notices":[],"_links":{"self":[{"href":"https:\/\/infois.ro\/index.php?rest_route=\/wp\/v2\/posts\/37950"}],"collection":[{"href":"https:\/\/infois.ro\/index.php?rest_route=\/wp\/v2\/posts"}],"about":[{"href":"https:\/\/infois.ro\/index.php?rest_route=\/wp\/v2\/types\/post"}],"author":[{"embeddable":true,"href":"https:\/\/infois.ro\/index.php?rest_route=\/wp\/v2\/users\/2"}],"replies":[{"embeddable":true,"href":"https:\/\/infois.ro\/index.php?rest_route=%2Fwp%2Fv2%2Fcomments&post=37950"}],"version-history":[{"count":1,"href":"https:\/\/infois.ro\/index.php?rest_route=\/wp\/v2\/posts\/37950\/revisions"}],"predecessor-version":[{"id":37952,"href":"https:\/\/infois.ro\/index.php?rest_route=\/wp\/v2\/posts\/37950\/revisions\/37952"}],"wp:featuredmedia":[{"embeddable":true,"href":"https:\/\/infois.ro\/index.php?rest_route=\/wp\/v2\/media\/37951"}],"wp:attachment":[{"href":"https:\/\/infois.ro\/index.php?rest_route=%2Fwp%2Fv2%2Fmedia&parent=37950"}],"wp:term":[{"taxonomy":"category","embeddable":true,"href":"https:\/\/infois.ro\/index.php?rest_route=%2Fwp%2Fv2%2Fcategories&post=37950"},{"taxonomy":"post_tag","embeddable":true,"href":"https:\/\/infois.ro\/index.php?rest_route=%2Fwp%2Fv2%2Ftags&post=37950"}],"curies":[{"name":"wp","href":"https:\/\/api.w.org\/{rel}","templated":true}]}}