{"id":38118,"date":"2018-11-30T06:54:40","date_gmt":"2018-11-30T04:54:40","guid":{"rendered":"http:\/\/infois.ro\/?p=38118"},"modified":"2018-11-30T06:54:40","modified_gmt":"2018-11-30T04:54:40","slug":"5-000-de-pensionari-ieseni-vor-primi-tichete-sociale-valorice-cu-ocazia-craciunului","status":"publish","type":"post","link":"https:\/\/infois.ro\/?p=38118","title":{"rendered":"5.000 de pensionari ie\u015feni vor primi tichete sociale valorice cu ocazia Cr\u0103ciunului"},"content":{"rendered":"<p><a href=\"http:\/\/infois.ro\/wp-content\/uploads\/2014\/03\/tichete-valorice.jpg\"><img loading=\"lazy\" decoding=\"async\" class=\"alignleft  wp-image-10395\" src=\"http:\/\/infois.ro\/wp-content\/uploads\/2014\/03\/tichete-valorice.jpg\" alt=\"\" width=\"251\" height=\"188\" srcset=\"https:\/\/infois.ro\/wp-content\/uploads\/2014\/03\/tichete-valorice.jpg 640w, https:\/\/infois.ro\/wp-content\/uploads\/2014\/03\/tichete-valorice-300x225.jpg 300w\" sizes=\"(max-width: 251px) 100vw, 251px\" \/><\/a><\/p>\n<p style=\"text-align: justify;\">Cu ocazia s\u0103rb\u0103torilor de iarn\u0103, Prim\u0103ria municipiului Ia\u0219i, prin Direc\u021bia de Asisten\u021b\u0103 Comunitar\u0103 (DAC), va distribui ajutoare sub form\u0103 de tichete sociale valorice pentru un num\u0103r de 5.000 de pensionari cu pensia mai mic\u0103 de 640 de lei. Anun\u0163ul a fost f\u0103cut joi, 29 noiembrie, de Lumini\u0163a Munteanu, directorul executiv al DAC Ia\u015fi, \u00een cadrul \u015fedin\u0163ei ordinare a Consiliului Local al Municipiului Ia\u015fi, ca r\u0103spuns la o interpelare \u00eenaintat\u0103 de reprezentan\u0163ii opozi\u0163iei, \u00een leg\u0103tur\u0103 cu suplimentarea cu suma de 145.000 de lei a bugetului direc\u0163iei, \u00een urma recific\u0103rii bugetului general al municipiului Ia\u015fi pe anul 2018. \u201eEste vorba despre un carnet cu tichete sociale valorice, \u00een sum\u0103 total\u0103 de 70 lei, respectiv \u015fapte tichete a c\u00e2te zece lei fiecare\u201d, a precizat directorul executiv al DAC Ia\u015fi. Potrivit Hot\u0103r\u00e2rii Consiliului Local al Municipiului Ia\u015fi, pentru a putea beneficia de aceste tichete sociale valorice, pensionarii cu pensia mai mic\u0103 de 640 de lei vor trebui s\u0103 depun\u0103 o cerere cu semn\u0103tura personal\u0103, s\u0103 aib\u0103 domiciliul sau re\u015fedin\u0163a pe raza municipiul Ia\u015fi, s\u0103 prezinte cuponul de pensie, precum \u0219i buletinul sau cartea de identitate \u00een original \u015fi copie. \u00cen perioada urm\u0103toare, reprezentan\u0163ii Direc\u0163iei de Asisten\u0163\u0103 Comunitar\u0103 vor comunica data la care va \u00eencepe distribu\u0163ia carnetelor valorice, precum \u015fi loca\u0163iile de unde acestea pot fi ridicate.<\/p>\n","protected":false},"excerpt":{"rendered":"<p>Cu ocazia s\u0103rb\u0103torilor de iarn\u0103, Prim\u0103ria municipiului Ia\u0219i, prin Direc\u021bia de Asisten\u021b\u0103 Comunitar\u0103 (DAC), va&#8230; <a class=\"meta-more\" href=\"https:\/\/infois.ro\/?p=38118\">more <span class=\"meta-nav\">&raquo;<\/span><\/a><\/p>\n","protected":false},"author":2,"featured_media":10395,"comment_status":"closed","ping_status":"closed","sticky":false,"template":"","format":"standard","meta":{"footnotes":""},"categories":[1,41],"tags":[74,1347,40,1594,3915],"aioseo_notices":[],"_links":{"self":[{"href":"https:\/\/infois.ro\/index.php?rest_route=\/wp\/v2\/posts\/38118"}],"collection":[{"href":"https:\/\/infois.ro\/index.php?rest_route=\/wp\/v2\/posts"}],"about":[{"href":"https:\/\/infois.ro\/index.php?rest_route=\/wp\/v2\/types\/post"}],"author":[{"embeddable":true,"href":"https:\/\/infois.ro\/index.php?rest_route=\/wp\/v2\/users\/2"}],"replies":[{"embeddable":true,"href":"https:\/\/infois.ro\/index.php?rest_route=%2Fwp%2Fv2%2Fcomments&post=38118"}],"version-history":[{"count":1,"href":"https:\/\/infois.ro\/index.php?rest_route=\/wp\/v2\/posts\/38118\/revisions"}],"predecessor-version":[{"id":38119,"href":"https:\/\/infois.ro\/index.php?rest_route=\/wp\/v2\/posts\/38118\/revisions\/38119"}],"wp:featuredmedia":[{"embeddable":true,"href":"https:\/\/infois.ro\/index.php?rest_route=\/wp\/v2\/media\/10395"}],"wp:attachment":[{"href":"https:\/\/infois.ro\/index.php?rest_route=%2Fwp%2Fv2%2Fmedia&parent=38118"}],"wp:term":[{"taxonomy":"category","embeddable":true,"href":"https:\/\/infois.ro\/index.php?rest_route=%2Fwp%2Fv2%2Fcategories&post=38118"},{"taxonomy":"post_tag","embeddable":true,"href":"https:\/\/infois.ro\/index.php?rest_route=%2Fwp%2Fv2%2Ftags&post=38118"}],"curies":[{"name":"wp","href":"https:\/\/api.w.org\/{rel}","templated":true}]}}