{"id":38219,"date":"2018-12-05T15:12:25","date_gmt":"2018-12-05T13:12:25","guid":{"rendered":"http:\/\/infois.ro\/?p=38219"},"modified":"2018-12-05T15:12:25","modified_gmt":"2018-12-05T13:12:25","slug":"peste-6-000-de-ieseni-vor-beneficia-de-craciun-de-tichete-sociale-valorice","status":"publish","type":"post","link":"https:\/\/infois.ro\/?p=38219","title":{"rendered":"Peste 6.000 de ie\u015feni vor beneficia de Cr\u0103ciun de tichete sociale valorice"},"content":{"rendered":"<p><a href=\"http:\/\/infois.ro\/wp-content\/uploads\/2015\/12\/tichete-sociale.jpg\"><img loading=\"lazy\" decoding=\"async\" class=\"alignleft  wp-image-21002\" src=\"http:\/\/infois.ro\/wp-content\/uploads\/2015\/12\/tichete-sociale.jpg\" alt=\"\" width=\"354\" height=\"198\" srcset=\"https:\/\/infois.ro\/wp-content\/uploads\/2015\/12\/tichete-sociale.jpg 570w, https:\/\/infois.ro\/wp-content\/uploads\/2015\/12\/tichete-sociale-300x167.jpg 300w\" sizes=\"(max-width: 354px) 100vw, 354px\" \/><\/a><\/p>\n<p style=\"text-align: justify;\">\u00cencep\u00e2nd cu data de 10 decembrie, ie\u015fenii cu pensia mai mic\u0103 de 640 de lei \u00ee\u015fi vor putea ridica tichetele sociale valorice \u00een valoare de 70 de lei, oferite de Prim\u0103rie cu ocazia S\u0103rb\u0103torilor de Iarn\u0103. Potrivit primarului Mihai Chirica, \u00een acest an, num\u0103rul beneficiarilor tichetelor sociale valorice de Cr\u0103ciun este 6.245 de persoane, \u00een sc\u0103dere fa\u0163\u0103 de anii trecu\u0163i. \u201eEste vorba despre un carnet cu tichete sociale valorice, \u00een sum\u0103 total\u0103 de 70 lei, respectiv de \u015fapte tichete a c\u00e2te zece lei fiecare. Periaoda de ridicare a tichetelor este \u00eentre 10 decembrie 2018 \u015fi 10 martie 2019. Tichetele vor putea fi ridicate de la C\u0103minul de Pensionari Sf\u00e2nta Parascheva, Cantina de Ajutor Social, Piaramda lui Dube\u0163, precum \u015fi de la toate centrele de cartier ale Prim\u0103riei\u201d, a precizat edilul, miercuri, \u00eentr-o conferin\u0163\u0103 de pres\u0103. Programul de ridicare a tichetelor este zilnic, de luni p\u00e2n\u0103 vineri, \u00eentre orele 8.30 \u2013 15.30. Potrivit Hot\u0103r\u00e2rii Consiliului Local al Municipiului Ia\u015fi, pentru a putea beneficia de aceste tichete sociale valorice, persoanele cu pensia mai mic\u0103 de 640 de lei vor trebui s\u0103 depun\u0103 o cerere cu semn\u0103tura personal\u0103, s\u0103 aib\u0103 domiciliul sau re\u015fedin\u0163a pe raza municipiul Ia\u015fi, s\u0103 prezinte cuponul de pensie, precum \u0219i buletinul sau cartea de identitate \u00een original \u015fi copie.<\/p>\n","protected":false},"excerpt":{"rendered":"<p>\u00cencep\u00e2nd cu data de 10 decembrie, ie\u015fenii cu pensia mai mic\u0103 de 640 de lei&#8230; <a class=\"meta-more\" href=\"https:\/\/infois.ro\/?p=38219\">more <span class=\"meta-nav\">&raquo;<\/span><\/a><\/p>\n","protected":false},"author":2,"featured_media":21002,"comment_status":"closed","ping_status":"closed","sticky":false,"template":"","format":"standard","meta":{"footnotes":""},"categories":[1,41],"tags":[74,1347,40,1594,3915],"aioseo_notices":[],"_links":{"self":[{"href":"https:\/\/infois.ro\/index.php?rest_route=\/wp\/v2\/posts\/38219"}],"collection":[{"href":"https:\/\/infois.ro\/index.php?rest_route=\/wp\/v2\/posts"}],"about":[{"href":"https:\/\/infois.ro\/index.php?rest_route=\/wp\/v2\/types\/post"}],"author":[{"embeddable":true,"href":"https:\/\/infois.ro\/index.php?rest_route=\/wp\/v2\/users\/2"}],"replies":[{"embeddable":true,"href":"https:\/\/infois.ro\/index.php?rest_route=%2Fwp%2Fv2%2Fcomments&post=38219"}],"version-history":[{"count":1,"href":"https:\/\/infois.ro\/index.php?rest_route=\/wp\/v2\/posts\/38219\/revisions"}],"predecessor-version":[{"id":38220,"href":"https:\/\/infois.ro\/index.php?rest_route=\/wp\/v2\/posts\/38219\/revisions\/38220"}],"wp:featuredmedia":[{"embeddable":true,"href":"https:\/\/infois.ro\/index.php?rest_route=\/wp\/v2\/media\/21002"}],"wp:attachment":[{"href":"https:\/\/infois.ro\/index.php?rest_route=%2Fwp%2Fv2%2Fmedia&parent=38219"}],"wp:term":[{"taxonomy":"category","embeddable":true,"href":"https:\/\/infois.ro\/index.php?rest_route=%2Fwp%2Fv2%2Fcategories&post=38219"},{"taxonomy":"post_tag","embeddable":true,"href":"https:\/\/infois.ro\/index.php?rest_route=%2Fwp%2Fv2%2Ftags&post=38219"}],"curies":[{"name":"wp","href":"https:\/\/api.w.org\/{rel}","templated":true}]}}