{"id":38221,"date":"2018-12-05T15:14:03","date_gmt":"2018-12-05T13:14:03","guid":{"rendered":"http:\/\/infois.ro\/?p=38221"},"modified":"2018-12-05T15:14:03","modified_gmt":"2018-12-05T13:14:03","slug":"iesenii-invitati-sa-faca-propuneri-pentru-elaborarea-bugetul-pentru-anul-2019","status":"publish","type":"post","link":"https:\/\/infois.ro\/?p=38221","title":{"rendered":"Ie\u015fenii, invita\u0163i s\u0103 fac\u0103 propuneri pentru elaborarea bugetul pentru anul 2019"},"content":{"rendered":"<p><a href=\"http:\/\/infois.ro\/wp-content\/uploads\/2017\/11\/buget-consultare.jpg\"><img loading=\"lazy\" decoding=\"async\" class=\"alignleft  wp-image-31974\" src=\"http:\/\/infois.ro\/wp-content\/uploads\/2017\/11\/buget-consultare.jpg\" alt=\"\" width=\"252\" height=\"216\" srcset=\"https:\/\/infois.ro\/wp-content\/uploads\/2017\/11\/buget-consultare.jpg 640w, https:\/\/infois.ro\/wp-content\/uploads\/2017\/11\/buget-consultare-300x257.jpg 300w\" sizes=\"(max-width: 252px) 100vw, 252px\" \/><\/a><\/p>\n<p style=\"text-align: justify;\">\u00cencep\u00e2nd cu data de 10 decembrie, timp de 30 de zile, ie\u015fenii vor putea face propuneri referitoare la proiectul de buget al municipiului pentru anul 2019, prin completarea unui formular special, care va fi pus la dispozi\u021bie la Centrele de cartier ale Prim\u0103riei, precum \u0219i la Centrul de informare pentru cet\u0103\u021beni. \u201ePentru al patrulea an consecutiv, municipalitatea ie\u015fean\u0103 demareaz\u0103 procesul de elaborare a proiectului de buget \u00eenaintea aprob\u0103rii bugetului la nivel na\u0163ional. Pentru acest lucru, \u00een perioada 10 decembrie 2018 \u2013 10 ianuarie 2019, la centrele Prim\u0103riei din cartierele T\u0103t\u0103ra\u015fi, P\u0103curari, Nicolina, Alexandru cel Bun, Galata, Copou \u015fi Poitiers, precum \u015fi la Centrul de informare pentru cet\u0103\u0163eni, situat \u00een spatele Prim\u0103riei, vor fi puse la dispozi\u0163ia cet\u0103\u0163enilor 5.000 de formulare, prin intermediul c\u0103rora ace\u015ftia \u00ee\u015fi vor putea exprima op\u0163iunile \u00een leg\u0103tur\u0103 cu proiectul bugetului municipiului pentru anul viitor, cele mai interesante dintre acestea urm\u00e2nd s\u0103 fie incluse, ulterior, \u00een forma final\u0103 a documentului\u201d, a declarat primarul Mihai Chirica, miercuri, \u00eentr-o conferin\u0163\u0103 de pres\u0103. Chestionarele completate de cet\u0103\u0163eni vor fi introduse, la final, \u00eentr-o urn\u0103 care va fi amplasat\u0103 \u00een fiecare centru de cartier, dup\u0103 care vor fi centralizate \u015fi analizate de membrii unei comisii speciale constituit\u0103 la nivelul conducerii municipalit\u0103\u0163ii. \u201cPe baza propunerilor venite de la cet\u0103\u0163eni, schi\u0163a ini\u0163ial\u0103 de buget, supus\u0103 dezbaterii publice, va fi transformat\u0103 \u00eentr-un draft, care ulterior va deveni proiectul de buget al municipiului pentru anul viitor. Acest din urm\u0103 document va fi supus, la r\u00e2ndul s\u0103u, dezbaterii publice, timp de 30 de zile\u201d, a men\u0163ionat \u015feful municipalit\u0103\u0163ii. Potrivit acestuia, prioritare pentru anul viitor vor fi investi\u0163iile realizate cu fonduri europene, \u00eens\u0103 o sum\u0103 important\u0103 de la bugetul local va fi alocat\u0103 \u015fi demar\u0103rii de noi proiecte de dezvoltare a ora\u015fului.<\/p>\n","protected":false},"excerpt":{"rendered":"<p>\u00cencep\u00e2nd cu data de 10 decembrie, timp de 30 de zile, ie\u015fenii vor putea face&#8230; <a class=\"meta-more\" href=\"https:\/\/infois.ro\/?p=38221\">more <span class=\"meta-nav\">&raquo;<\/span><\/a><\/p>\n","protected":false},"author":2,"featured_media":31974,"comment_status":"closed","ping_status":"closed","sticky":false,"template":"","format":"standard","meta":{"footnotes":""},"categories":[1,41],"tags":[74,1553,5429,7446,40,3112],"aioseo_notices":[],"_links":{"self":[{"href":"https:\/\/infois.ro\/index.php?rest_route=\/wp\/v2\/posts\/38221"}],"collection":[{"href":"https:\/\/infois.ro\/index.php?rest_route=\/wp\/v2\/posts"}],"about":[{"href":"https:\/\/infois.ro\/index.php?rest_route=\/wp\/v2\/types\/post"}],"author":[{"embeddable":true,"href":"https:\/\/infois.ro\/index.php?rest_route=\/wp\/v2\/users\/2"}],"replies":[{"embeddable":true,"href":"https:\/\/infois.ro\/index.php?rest_route=%2Fwp%2Fv2%2Fcomments&post=38221"}],"version-history":[{"count":1,"href":"https:\/\/infois.ro\/index.php?rest_route=\/wp\/v2\/posts\/38221\/revisions"}],"predecessor-version":[{"id":38222,"href":"https:\/\/infois.ro\/index.php?rest_route=\/wp\/v2\/posts\/38221\/revisions\/38222"}],"wp:featuredmedia":[{"embeddable":true,"href":"https:\/\/infois.ro\/index.php?rest_route=\/wp\/v2\/media\/31974"}],"wp:attachment":[{"href":"https:\/\/infois.ro\/index.php?rest_route=%2Fwp%2Fv2%2Fmedia&parent=38221"}],"wp:term":[{"taxonomy":"category","embeddable":true,"href":"https:\/\/infois.ro\/index.php?rest_route=%2Fwp%2Fv2%2Fcategories&post=38221"},{"taxonomy":"post_tag","embeddable":true,"href":"https:\/\/infois.ro\/index.php?rest_route=%2Fwp%2Fv2%2Ftags&post=38221"}],"curies":[{"name":"wp","href":"https:\/\/api.w.org\/{rel}","templated":true}]}}