{"id":3836,"date":"2013-02-01T09:09:24","date_gmt":"2013-02-01T07:09:24","guid":{"rendered":"http:\/\/infois.ro\/?p=3836"},"modified":"2013-02-01T09:09:24","modified_gmt":"2013-02-01T07:09:24","slug":"incepand-din-1-februarie-iesenii-vor-plati-mai-mult-pentru-ridicarea-gunoiului-menajer","status":"publish","type":"post","link":"https:\/\/infois.ro\/?p=3836","title":{"rendered":"\u00cencep\u00e2nd din 1 februarie, ie\u0219enii vor pl\u0103ti mai mult pentru ridicarea gunoiului menajer"},"content":{"rendered":"<p style=\"text-align: justify;\"><a class=\"highslide\" onclick=\"return vz.expand(this)\" href=\"http:\/\/infois.ro\/wp-content\/uploads\/2013\/02\/gunoieri.jpg\"><img loading=\"lazy\" decoding=\"async\" class=\"alignleft size-large wp-image-3837\" title=\"gunoieri\" src=\"http:\/\/infois.ro\/wp-content\/uploads\/cache\/2013\/02\/gunoieri\/1017017168.jpg\" alt=\"\" width=\"640\" height=\"425\" \/><\/a>Cu un singur vot \u00eempotriv\u0103 \u0219i doar dou\u0103 ab\u021bineri (toate ale reprezentan\u021bilor PDL), consilierii locali ie\u0219eni au aprobat \u00een cadrul \u0219edin\u021bei de joi, 31 ianuarie, a Consiliului Local Municipal (CLM) majorarea tarifelor la serviciul public de salubritate. Astfel, \u00eencep\u00e2nd cu data de 1 februarie 2013, pentru ie\u0219enii care locuiesc la bloc, pre\u021bul unui metru cub de gunoi menajer ridicat de SC Salubris SA va fi de 7,20 lei, \u00een loc de 6,25 p\u00e2n\u0103 acum. \u0218i ie\u0219enii care locuiesc la cas\u0103 vor pl\u0103ti mai mult, \u00eencep\u00e2nd de la aceea\u0219i dat\u0103, pentru ridicarea, transportul \u0219i depozitarea gunoiului menajer, dup\u0103 cum urmeaz\u0103: 12 lei\/lun\u0103 pentru o gospod\u0103rie cu o persoan\u0103, 21 lei\/lun\u0103 pentru o gospod\u0103rie cu dou\u0103 persoane, 28 lei\/lun\u0103 pentru o gospod\u0103rie cu trei persoane, 34 lei\/lun\u0103 pentru o gospod\u0103rie cu patru persoane, respectiv 38 lei\/lun\u0103 pentru o gospod\u0103rie cu cinci sau mai multe persoane, toate pre\u0163urile av\u00e2nd inclus\u0103 TVA. Tot \u00eencep\u00e2nd cu data de 1 februarie 2013 se majoreaz\u0103 \u0219i tarifele serviciilor de salubritate prestate c\u0103tre agen\u0163ii economici sau pentru serviciile speciale. Astfel, \u00eencep\u00e2nd de ast\u0103zi, persoanele juridice vor achita un pre\u0163 de 74 de lei pentru metrul cub de gunoi, \u00een timp ce tariful pentru colectarea \u015fi transportul de\u015feurilor din construc\u0163ii va fi de 58 de lei. Potrivit primarului Gheorghe Nichita, majorarea tarifelor de salubritate s-a impus ca urmare a cre\u0219terii cheltuielilor\u00a0 SC Salubris SA. \u201dCre\u015fterea costurilor pentru carburan\u0163i, utilit\u0103\u0163i \u015fi piese de schimb a f\u0103cut ca SC Salubris SA s\u0103 solicite Consiliului Local Municipal aprobarea major\u0103rii tarifului de salubritate.\u00a0 \u00cen cadrul \u0219edin\u021bei de ast\u0103zi (ieri \u2013 n.r.), Legislativul local a aprobat propunerea societ\u0103\u0163ii, ie\u015fenii urm\u00e2nd s\u0103 pl\u0103teasc\u0103 din luna februarie tarife cu aproximativ 12% mai mari dec\u00e2t p\u00e2n\u0103 acum. Procentul de cre\u015ftere a costurilor colect\u0103rii, transportului \u015fi depozit\u0103rii de\u015feurilor se afl\u0103 peste procentul de majorare a tarifului. Astfel, costurile pentru asigurarea carburan\u0163ilor a crescut pe parcursul ultimului an cu 17%, cele cu materialele \u015fi piesele de schimb cu 22%, iar cele cu plata salaria\u0163ilor cu 10%. Majoritatea costurilor care au stat la baza fundament\u0103rii tarifelor (pre\u0163ul carburan\u0163ilor, a utilit\u0103\u0163ilor, a piselor de schimb) au avut cre\u015fteri importante. Ajustarea tarifelor pentru acoperirea acestor costuri este o m\u0103sur\u0103 necesar\u0103 pentru a putea continua prestarea serviciilor de salubritate la un nivel corespunz\u0103tor\u201d, a spus primarul. Potrivit acestuia, \u00een ciuda major\u0103rii tarifelor de salubritate, aprobat\u0103 ieri, Ia\u0219iul are \u00een acest moment cele mai mici taxe de colectare, transport \u0219i depozitare a gunoiului menajer dintre toate ora\u0219ele mari ale \u021b\u0103rii, av\u00e2nd \u00een vedere c\u0103 la Timi\u015foara \u0219i Constan\u021ba, de exemplu, pentru ridicarea unui metru cub de de\u0219euri, popula\u021bia pl\u0103te\u0219te 10 lei, \u00een timp ce la Bucure\u0219ti ori la Bra\u0219ov, costul unei astfel de activit\u0103\u021bi este de 9 lei.<\/p>\n","protected":false},"excerpt":{"rendered":"<p>Cu un singur vot \u00eempotriv\u0103 \u0219i doar dou\u0103 ab\u021bineri (toate ale reprezentan\u021bilor PDL), consilierii locali&#8230; <a class=\"meta-more\" href=\"https:\/\/infois.ro\/?p=3836\">more <span class=\"meta-nav\">&raquo;<\/span><\/a><\/p>\n","protected":false},"author":2,"featured_media":3837,"comment_status":"open","ping_status":"closed","sticky":false,"template":"","format":"standard","meta":{"footnotes":""},"categories":[1,41],"tags":[74,296,1607,1608],"aioseo_notices":[],"_links":{"self":[{"href":"https:\/\/infois.ro\/index.php?rest_route=\/wp\/v2\/posts\/3836"}],"collection":[{"href":"https:\/\/infois.ro\/index.php?rest_route=\/wp\/v2\/posts"}],"about":[{"href":"https:\/\/infois.ro\/index.php?rest_route=\/wp\/v2\/types\/post"}],"author":[{"embeddable":true,"href":"https:\/\/infois.ro\/index.php?rest_route=\/wp\/v2\/users\/2"}],"replies":[{"embeddable":true,"href":"https:\/\/infois.ro\/index.php?rest_route=%2Fwp%2Fv2%2Fcomments&post=3836"}],"version-history":[{"count":1,"href":"https:\/\/infois.ro\/index.php?rest_route=\/wp\/v2\/posts\/3836\/revisions"}],"predecessor-version":[{"id":3838,"href":"https:\/\/infois.ro\/index.php?rest_route=\/wp\/v2\/posts\/3836\/revisions\/3838"}],"wp:featuredmedia":[{"embeddable":true,"href":"https:\/\/infois.ro\/index.php?rest_route=\/wp\/v2\/media\/3837"}],"wp:attachment":[{"href":"https:\/\/infois.ro\/index.php?rest_route=%2Fwp%2Fv2%2Fmedia&parent=3836"}],"wp:term":[{"taxonomy":"category","embeddable":true,"href":"https:\/\/infois.ro\/index.php?rest_route=%2Fwp%2Fv2%2Fcategories&post=3836"},{"taxonomy":"post_tag","embeddable":true,"href":"https:\/\/infois.ro\/index.php?rest_route=%2Fwp%2Fv2%2Ftags&post=3836"}],"curies":[{"name":"wp","href":"https:\/\/api.w.org\/{rel}","templated":true}]}}