{"id":38440,"date":"2018-12-13T14:16:42","date_gmt":"2018-12-13T12:16:42","guid":{"rendered":"http:\/\/infois.ro\/?p=38440"},"modified":"2018-12-13T14:16:42","modified_gmt":"2018-12-13T12:16:42","slug":"noi-lucrari-de-extindere-si-modernizare-la-aeroport","status":"publish","type":"post","link":"https:\/\/infois.ro\/?p=38440","title":{"rendered":"Noi lucr\u0103ri de extindere \u015fi modernizare la Aeroport"},"content":{"rendered":"<p><a href=\"http:\/\/infois.ro\/wp-content\/uploads\/2018\/01\/aeroportul-iarna.jpg\"><img loading=\"lazy\" decoding=\"async\" class=\"alignleft  wp-image-32618\" src=\"http:\/\/infois.ro\/wp-content\/uploads\/2018\/01\/aeroportul-iarna.jpg\" alt=\"\" width=\"386\" height=\"218\" srcset=\"https:\/\/infois.ro\/wp-content\/uploads\/2018\/01\/aeroportul-iarna.jpg 640w, https:\/\/infois.ro\/wp-content\/uploads\/2018\/01\/aeroportul-iarna-300x169.jpg 300w, https:\/\/infois.ro\/wp-content\/uploads\/2018\/01\/aeroportul-iarna-139x80.jpg 139w, https:\/\/infois.ro\/wp-content\/uploads\/2018\/01\/aeroportul-iarna-140x80.jpg 140w\" sizes=\"(max-width: 386px) 100vw, 386px\" \/><\/a><\/p>\n<p style=\"text-align: justify;\">Aeroportul Interna\u0163ional Ia\u015fi va beneficia \u00een perioada urm\u0103toare de noi lucr\u0103ri de modernizare \u015fi extindere, av\u00e2nd \u00een vedere cre\u015fterea constant\u0103 a traficului de c\u0103l\u0103tori, care impune luarea unor m\u0103suri care s\u0103 asigure desf\u0103\u015furarea \u00een cele mai bune condi\u0163ii a activit\u0103\u0163ii acestui obiectiv. \u00cen acest sens, \u00een \u015fedin\u0163a ordinar\u0103 programat\u0103 s\u0103pt\u0103m\u00e2na viitoare, plenul Consiliului Jude\u0163ean (CJ) urmeaz\u0103 s\u0103 supun\u0103 spre dezbatere \u015fi aprobare mai multe hot\u0103r\u00e2ri cu privire la extinderea \u015fi modernizarea aeroportului. \u201eEste vorba despre suplimentarea capacit\u0103\u0163ii pentru pista de decolare-aterizare, extinderea platformei de sta\u0163ionare a aeronavelor \u015fi construirea unei noi bretele de acces, concesionarea unei suprafe\u0163e de teren pentru construc\u0163ia unei hale pentru zona cargo a aeroportului \u015fi, nu \u00een ultimul r\u00e2nd, extinderea platformei sta\u0163ionare, care s\u0103 permit\u0103, \u00een final, parcarea unui num\u0103r de p\u00e2n\u0103 la 13 aeronave, fa\u0163\u0103 de numai \u015fapte \u00een acest moment\u201d, a declarat Maricel Popa, pre\u015fedintele CJ Ia\u015fi, joi, \u00eentr-o conferin\u0163\u0103 de pres\u0103, desf\u0103\u015furat\u0103 la sediul institu\u0163iei. Potrivit acestuia, costurile necesare pentru extinderea platformei de sta\u0163ionare \u015fi realizarea bretelei de acces a avioanelor se ridic\u0103 la suma de 63 de milioane de lei, termenul de execu\u0163ie a proiectul fiind de nou\u0103 luni, dintre care trei luni pentru proiectare \u015fi \u015fase luni pentru executarea propriu zis\u0103 a lucr\u0103rilor. \u00cen aceea\u015fi ordine de idei, pre\u015fedintele Consiliului Jude\u0163ean a anun\u0163at c\u0103 \u00een prezent se lucreaz\u0103 la refacerea studiului de fezabilitate pentru construc\u0163ia noului terminal pentru pasageri, care urmeaz\u0103 s\u0103 fie ridicat pe partea opus\u0103 actualelor terminale. \u201eCel mai probabil, pentru construc\u0163ia noului terminal, un procent de 50% din fonduri vor veni de la Uniunea European\u0103, \u00een cadrul Programului Opera\u0163ional Regional (POR) pentru transport \u015fi infrastructur\u0103, urm\u00e2nd ca restul de 50% s\u0103 fie asigurat de c\u0103tre RA Aeroportul Ia\u015fi, \u00een urma unui credit de finan\u0163are pe o durat\u0103 de cinci sau zece ani. Asta, \u00eentruc\u00e2t Consiliul Jude\u0163ean nu poate, prin lege, finan\u0163a Aeroportul, pentru c\u0103 o astfel de m\u0103sur\u0103 ar putea fi interpretat\u0103 drept ajutor de stat, lucru interzis de Uniunea European\u0103\u201d, a precizat Maricel Popa. \u00cen alt\u0103 ordine de idei, pre\u015fedintele CJ a f\u0103cut din nou apel la Prim\u0103rie, pentru a prelua \u00een administrare \u015fi moderniza drumul care face leg\u0103tura cu aeroportul. \u00cen cadrul aceleia\u015fi conferin\u0163e de pres\u0103, \u015feful legislativului jude\u0163ean a mai anun\u0163at c\u0103 procedurile privind construc\u0163ia de c\u0103tre SC Aerostar Bac\u0103u SA a unui hangar destinat repar\u0103rii avioanelor \u00een perimetrul Aeroportului Ia\u015fi sunt destul de avansate. \u201e\u00cen luna februarie vor \u00eencepe lucr\u0103rile propriu zise de construire a hangarului, astfel \u00eenc\u00e2t, cel mai t\u00eerziu \u00een luna septembrie a anului viitor, firma respectiv\u0103 s\u0103-\u015fi poat\u0103 \u00eencepe activitatea la Ia\u015fi\u201d, a precizat pre\u015fedintele CJ.<\/p>\n","protected":false},"excerpt":{"rendered":"<p>Aeroportul Interna\u0163ional Ia\u015fi va beneficia \u00een perioada urm\u0103toare de noi lucr\u0103ri de modernizare \u015fi extindere,&#8230; <a class=\"meta-more\" href=\"https:\/\/infois.ro\/?p=38440\">more <span class=\"meta-nav\">&raquo;<\/span><\/a><\/p>\n","protected":false},"author":2,"featured_media":32618,"comment_status":"closed","ping_status":"closed","sticky":false,"template":"","format":"standard","meta":{"footnotes":""},"categories":[1,41],"tags":[74,11586,5806,40,3877,11587,2478],"aioseo_notices":[],"_links":{"self":[{"href":"https:\/\/infois.ro\/index.php?rest_route=\/wp\/v2\/posts\/38440"}],"collection":[{"href":"https:\/\/infois.ro\/index.php?rest_route=\/wp\/v2\/posts"}],"about":[{"href":"https:\/\/infois.ro\/index.php?rest_route=\/wp\/v2\/types\/post"}],"author":[{"embeddable":true,"href":"https:\/\/infois.ro\/index.php?rest_route=\/wp\/v2\/users\/2"}],"replies":[{"embeddable":true,"href":"https:\/\/infois.ro\/index.php?rest_route=%2Fwp%2Fv2%2Fcomments&post=38440"}],"version-history":[{"count":1,"href":"https:\/\/infois.ro\/index.php?rest_route=\/wp\/v2\/posts\/38440\/revisions"}],"predecessor-version":[{"id":38441,"href":"https:\/\/infois.ro\/index.php?rest_route=\/wp\/v2\/posts\/38440\/revisions\/38441"}],"wp:featuredmedia":[{"embeddable":true,"href":"https:\/\/infois.ro\/index.php?rest_route=\/wp\/v2\/media\/32618"}],"wp:attachment":[{"href":"https:\/\/infois.ro\/index.php?rest_route=%2Fwp%2Fv2%2Fmedia&parent=38440"}],"wp:term":[{"taxonomy":"category","embeddable":true,"href":"https:\/\/infois.ro\/index.php?rest_route=%2Fwp%2Fv2%2Fcategories&post=38440"},{"taxonomy":"post_tag","embeddable":true,"href":"https:\/\/infois.ro\/index.php?rest_route=%2Fwp%2Fv2%2Ftags&post=38440"}],"curies":[{"name":"wp","href":"https:\/\/api.w.org\/{rel}","templated":true}]}}