{"id":38535,"date":"2018-12-18T08:06:37","date_gmt":"2018-12-18T06:06:37","guid":{"rendered":"http:\/\/infois.ro\/?p=38535"},"modified":"2018-12-18T13:08:35","modified_gmt":"2018-12-18T11:08:35","slug":"la-iasi-continua-manifestarile-dedicate-implinirii-a-29-de-ani-de-la-inceputul-revolutiei-romane","status":"publish","type":"post","link":"https:\/\/infois.ro\/?p=38535","title":{"rendered":"La Ia\u015fi continu\u0103 manifest\u0103rile dedicate \u00eemplinirii a 29 de ani de la \u00eenceputul Revolu\u0163iei Rom\u00e2ne"},"content":{"rendered":"<p><a href=\"http:\/\/infois.ro\/wp-content\/uploads\/2012\/11\/revolutia.jpg\"><img loading=\"lazy\" decoding=\"async\" class=\"alignleft  wp-image-2948\" src=\"http:\/\/infois.ro\/wp-content\/uploads\/2012\/11\/revolutia.jpg\" alt=\"\" width=\"380\" height=\"213\" srcset=\"https:\/\/infois.ro\/wp-content\/uploads\/2012\/11\/revolutia.jpg 600w, https:\/\/infois.ro\/wp-content\/uploads\/2012\/11\/revolutia-300x168.jpg 300w\" sizes=\"(max-width: 380px) 100vw, 380px\" \/><\/a><\/p>\n<p style=\"background: white; text-align: justify;\"><span style=\"font-size: 12pt; color: black;\">Manifest\u0103rile dedicate \u00eemplinirii a 29 de ani de la Revolu\u0163ia Rom\u00e2n\u0103 din Decembrie 1989 continu\u0103 \u00een aceste zile la Ia\u015fi. Astfel, dup\u0103 simpozionul \u201e\u00cenceputul Revolu\u021biei Rom\u00e2ne\u201d, organizat la sf\u00e2r\u015fitul s\u0103pt\u0103m\u00e2nii trecute la Muzeul Municipal de Asocia\u0163ia de Revolu\u0163ionari \u201e14 Decembrie 1989\u201d, mar\u0163i, 18 decembrie, de la ora 12.00, la Facultatea de Istorie a Universit\u0103\u021bii \u201eAlexandru Ioan Cuza\u201d va avea loc o ac\u0163iune al c\u0103rui invitat special va fi istoricul Adrian Cioroianu, fost ministru al Afacerilor Externe. \u00cen perioada 19 \u2013 21 decembrie, fostul premier al Rom\u00e2niei, Petre Roman, va lansa volumul de memorii \u201eDespre pasiune \u00een vremuri de libertate\u201d. Lansarea va include \u015fi o serie de \u00eent\u00e2lniri cu tinerii, acestea urm\u00e2nd a fi organizate la Colegiile Na\u021bional, \u201eEmil Racovi\u021b\u0103\u201d \u0219i \u201eCostache Negruzzi\u201d. S\u00e2mb\u0103t\u0103, 22 decembrie, la ora 10.00, la Monumentul Eroilor, amplasat \u00een Pia\u0163a Palatului Culturii, va avea loc un ceremonial militar \u015fi religios, urmat de depuneri de coroane de flori la troi\u021ba din apropiere.<\/span><\/p>\n","protected":false},"excerpt":{"rendered":"<p>Manifest\u0103rile dedicate \u00eemplinirii a 29 de ani de la Revolu\u0163ia Rom\u00e2n\u0103 din Decembrie 1989 continu\u0103&#8230; <a class=\"meta-more\" href=\"https:\/\/infois.ro\/?p=38535\">more <span class=\"meta-nav\">&raquo;<\/span><\/a><\/p>\n","protected":false},"author":2,"featured_media":2948,"comment_status":"closed","ping_status":"closed","sticky":false,"template":"","format":"standard","meta":{"footnotes":""},"categories":[1,41],"tags":[74,8870,40,3814,3276],"aioseo_notices":[],"_links":{"self":[{"href":"https:\/\/infois.ro\/index.php?rest_route=\/wp\/v2\/posts\/38535"}],"collection":[{"href":"https:\/\/infois.ro\/index.php?rest_route=\/wp\/v2\/posts"}],"about":[{"href":"https:\/\/infois.ro\/index.php?rest_route=\/wp\/v2\/types\/post"}],"author":[{"embeddable":true,"href":"https:\/\/infois.ro\/index.php?rest_route=\/wp\/v2\/users\/2"}],"replies":[{"embeddable":true,"href":"https:\/\/infois.ro\/index.php?rest_route=%2Fwp%2Fv2%2Fcomments&post=38535"}],"version-history":[{"count":1,"href":"https:\/\/infois.ro\/index.php?rest_route=\/wp\/v2\/posts\/38535\/revisions"}],"predecessor-version":[{"id":38536,"href":"https:\/\/infois.ro\/index.php?rest_route=\/wp\/v2\/posts\/38535\/revisions\/38536"}],"wp:featuredmedia":[{"embeddable":true,"href":"https:\/\/infois.ro\/index.php?rest_route=\/wp\/v2\/media\/2948"}],"wp:attachment":[{"href":"https:\/\/infois.ro\/index.php?rest_route=%2Fwp%2Fv2%2Fmedia&parent=38535"}],"wp:term":[{"taxonomy":"category","embeddable":true,"href":"https:\/\/infois.ro\/index.php?rest_route=%2Fwp%2Fv2%2Fcategories&post=38535"},{"taxonomy":"post_tag","embeddable":true,"href":"https:\/\/infois.ro\/index.php?rest_route=%2Fwp%2Fv2%2Ftags&post=38535"}],"curies":[{"name":"wp","href":"https:\/\/api.w.org\/{rel}","templated":true}]}}