{"id":38631,"date":"2018-12-22T07:03:08","date_gmt":"2018-12-22T05:03:08","guid":{"rendered":"http:\/\/infois.ro\/?p=38631"},"modified":"2018-12-22T07:03:15","modified_gmt":"2018-12-22T05:03:15","slug":"distribuirea-tichetelor-sociale-acordate-cu-prilejul-sarbatorilor-de-craciun-va-fi-reluata-saptamana-viitoare","status":"publish","type":"post","link":"https:\/\/infois.ro\/?p=38631","title":{"rendered":"Distribuirea tichetelor sociale acordate cu prilejul \u201cS\u0103rb\u0103torilor de Cr\u0103ciun\u201d va fi reluat\u0103 s\u0103pt\u0103m\u00e2na viitoare"},"content":{"rendered":"<p><a href=\"http:\/\/infois.ro\/wp-content\/uploads\/2015\/12\/tichete-sociale.jpg\"><img loading=\"lazy\" decoding=\"async\" class=\"alignleft wp-image-21002\" src=\"http:\/\/infois.ro\/wp-content\/uploads\/2015\/12\/tichete-sociale.jpg\" alt=\"\" width=\"306\" height=\"171\" srcset=\"https:\/\/infois.ro\/wp-content\/uploads\/2015\/12\/tichete-sociale.jpg 570w, https:\/\/infois.ro\/wp-content\/uploads\/2015\/12\/tichete-sociale-300x167.jpg 300w\" sizes=\"(max-width: 306px) 100vw, 306px\" \/><\/a><\/p>\n<p style=\"text-align: justify;\">\u00cencep\u00e2nd cu data de 27 decembrie, Prim\u0103ria Municipiului Ia\u015fi, prin Direc\u0163ia de Asisten\u0163\u0103 Social\u0103 (DAS) continu\u0103 distribuirea de ajutoare sub form\u0103 de tichete valorice sociale pentru pensionari, la sediul din \u015eos. Na\u0163ional\u0103 nr. 43, \u00een intervalul orar 8.30 \u2013 15.30, pentru to\u0163i beneficiarii care nu \u015fi-au ridicat \u00eenc\u0103 tichetele valorice p\u00e2n\u0103 la aceast\u0103 dat\u0103. Condi\u0163iile de acordare a tichetelor sunt urm\u0103toarele: cerere, buletin sau carte de identitate original \u015fi copie, cupon pensie luna curent\u0103\/precedent\u0103 original \u015fi copie. Termenul final de ridicare al cupoanelor este data de 09 martie 2019. Ridicarea tichetelor sociale valorice \u00een valoare de 70 de lei, oferite de Prim\u0103rie cu ocazia S\u0103rb\u0103torilor de Cr\u0103ciun\u201d, a \u00eenceput pe data de 10 decembrie, beneficiari fiind ie\u015fenii cu pensia mai mic\u0103 de 640 de lei. Este vorba despre un carnet cu tichete sociale valorice, \u00een sum\u0103 total\u0103 de 70 lei, respectiv de \u015fapte tichete a c\u00e2te zece lei fiecare. \u00cen acest an, num\u0103rul beneficiarilor tichetelor sociale valorice de Cr\u0103ciun este 6.245 de persoane, \u00een sc\u0103dere fa\u0163\u0103 de anii trecu\u0163i.<\/p>\n","protected":false},"excerpt":{"rendered":"<p>\u00cencep\u00e2nd cu data de 27 decembrie, Prim\u0103ria Municipiului Ia\u015fi, prin Direc\u0163ia de Asisten\u0163\u0103 Social\u0103 (DAS)&#8230; <a class=\"meta-more\" href=\"https:\/\/infois.ro\/?p=38631\">more <span class=\"meta-nav\">&raquo;<\/span><\/a><\/p>\n","protected":false},"author":2,"featured_media":21002,"comment_status":"closed","ping_status":"closed","sticky":false,"template":"","format":"standard","meta":{"footnotes":""},"categories":[1],"tags":[612,1347,40,3915],"aioseo_notices":[],"_links":{"self":[{"href":"https:\/\/infois.ro\/index.php?rest_route=\/wp\/v2\/posts\/38631"}],"collection":[{"href":"https:\/\/infois.ro\/index.php?rest_route=\/wp\/v2\/posts"}],"about":[{"href":"https:\/\/infois.ro\/index.php?rest_route=\/wp\/v2\/types\/post"}],"author":[{"embeddable":true,"href":"https:\/\/infois.ro\/index.php?rest_route=\/wp\/v2\/users\/2"}],"replies":[{"embeddable":true,"href":"https:\/\/infois.ro\/index.php?rest_route=%2Fwp%2Fv2%2Fcomments&post=38631"}],"version-history":[{"count":1,"href":"https:\/\/infois.ro\/index.php?rest_route=\/wp\/v2\/posts\/38631\/revisions"}],"predecessor-version":[{"id":38632,"href":"https:\/\/infois.ro\/index.php?rest_route=\/wp\/v2\/posts\/38631\/revisions\/38632"}],"wp:featuredmedia":[{"embeddable":true,"href":"https:\/\/infois.ro\/index.php?rest_route=\/wp\/v2\/media\/21002"}],"wp:attachment":[{"href":"https:\/\/infois.ro\/index.php?rest_route=%2Fwp%2Fv2%2Fmedia&parent=38631"}],"wp:term":[{"taxonomy":"category","embeddable":true,"href":"https:\/\/infois.ro\/index.php?rest_route=%2Fwp%2Fv2%2Fcategories&post=38631"},{"taxonomy":"post_tag","embeddable":true,"href":"https:\/\/infois.ro\/index.php?rest_route=%2Fwp%2Fv2%2Ftags&post=38631"}],"curies":[{"name":"wp","href":"https:\/\/api.w.org\/{rel}","templated":true}]}}