{"id":38651,"date":"2018-12-25T10:02:13","date_gmt":"2018-12-25T08:02:13","guid":{"rendered":"http:\/\/infois.ro\/?p=38651"},"modified":"2018-12-27T10:04:15","modified_gmt":"2018-12-27T08:04:15","slug":"a-fost-desemnata-firma-care-va-executa-lucrarile-de-asfaltare-a-soselei-iasi-voinesti","status":"publish","type":"post","link":"https:\/\/infois.ro\/?p=38651","title":{"rendered":"A fost desemnat\u0103 firma care va executa lucr\u0103rile de asfaltare a \u015eoselei Ia\u015fi \u2013 Voine\u015fti"},"content":{"rendered":"<p><a href=\"http:\/\/infois.ro\/wp-content\/uploads\/2018\/12\/iasi-voinesti.jpg\"><img loading=\"lazy\" decoding=\"async\" class=\"alignleft  wp-image-38652\" src=\"http:\/\/infois.ro\/wp-content\/uploads\/2018\/12\/iasi-voinesti.jpg\" alt=\"\" width=\"431\" height=\"244\" srcset=\"https:\/\/infois.ro\/wp-content\/uploads\/2018\/12\/iasi-voinesti.jpg 640w, https:\/\/infois.ro\/wp-content\/uploads\/2018\/12\/iasi-voinesti-300x170.jpg 300w, https:\/\/infois.ro\/wp-content\/uploads\/2018\/12\/iasi-voinesti-139x80.jpg 139w, https:\/\/infois.ro\/wp-content\/uploads\/2018\/12\/iasi-voinesti-140x80.jpg 140w\" sizes=\"(max-width: 431px) 100vw, 431px\" \/><\/a><\/p>\n<p style=\"text-align: justify;\">\u00cen urma unei licita\u0163ii la care s-au prezentat nu mai pu\u0163in de \u015fase societ\u0103\u0163i ofertante a fost desemnat\u0103 firma care va executa lucr\u0103rile de asfaltare a \u015foselei Ia\u015fi \u2013 Voine\u015fti. Dup\u0103 analizarea tuturor ofertelor, contractul a fost adjudecat de c\u0103tre SC Enviro Construct SRL, care a avut o ofer\u0103 \u00een valoare de 6.311.904 de lei, f\u0103r\u0103 TVA (7.511.165,76 lei, cu TVA), fa\u021b\u0103 de o prevedere bugetar\u0103 de 9.008.117 lei, f\u0103r\u0103 TVA (10.719.659,23 lei, cu TVA).\u00a0 Lucr\u0103rile de modernizare vor \u00eencepe \u00een prim\u0103vara anului 2019, c\u00e2nd vremea o va permite, \u0219i vor dura maxim 24 de luni, informeaz\u0103, prin intermediul unui comunicat, Biroul de pres\u0103 al Prim\u0103riei. Lucr\u0103rile pe care va trebui s\u0103 le realizeze aceast\u0103 societate se vor desf\u0103\u015fura pe o lungime de drum de 3,4 kilometri \u015fi fac parte dintr-un proiect comun al Prim\u0103riilor Municipiului Ia\u015fi \u015fi Comunei Miroslava, fiecare dintre cele dou\u0103 unit\u0103\u0163i administrativ \u2013 teritoriale suport\u00e2nd costurile corespunz\u0103toare cotelor de\u0163inute \u00een proprietate de c\u0103tre p\u0103r\u0163i. De asemenea, asocierea dintre cele dou\u0103 unit\u0103\u0163i administrativ \u2013 teritoriale vizeaz\u0103 extinderea re\u0163elei de transport public de c\u0103l\u0103tori \u00een Zona Metropolitan\u0103.<\/p>\n","protected":false},"excerpt":{"rendered":"<p>\u00cen urma unei licita\u0163ii la care s-au prezentat nu mai pu\u0163in de \u015fase societ\u0103\u0163i ofertante&#8230; <a class=\"meta-more\" href=\"https:\/\/infois.ro\/?p=38651\">more <span class=\"meta-nav\">&raquo;<\/span><\/a><\/p>\n","protected":false},"author":2,"featured_media":38652,"comment_status":"closed","ping_status":"closed","sticky":false,"template":"","format":"standard","meta":{"footnotes":""},"categories":[1,41],"tags":[74,3028,3905,40,846,982],"aioseo_notices":[],"_links":{"self":[{"href":"https:\/\/infois.ro\/index.php?rest_route=\/wp\/v2\/posts\/38651"}],"collection":[{"href":"https:\/\/infois.ro\/index.php?rest_route=\/wp\/v2\/posts"}],"about":[{"href":"https:\/\/infois.ro\/index.php?rest_route=\/wp\/v2\/types\/post"}],"author":[{"embeddable":true,"href":"https:\/\/infois.ro\/index.php?rest_route=\/wp\/v2\/users\/2"}],"replies":[{"embeddable":true,"href":"https:\/\/infois.ro\/index.php?rest_route=%2Fwp%2Fv2%2Fcomments&post=38651"}],"version-history":[{"count":1,"href":"https:\/\/infois.ro\/index.php?rest_route=\/wp\/v2\/posts\/38651\/revisions"}],"predecessor-version":[{"id":38653,"href":"https:\/\/infois.ro\/index.php?rest_route=\/wp\/v2\/posts\/38651\/revisions\/38653"}],"wp:featuredmedia":[{"embeddable":true,"href":"https:\/\/infois.ro\/index.php?rest_route=\/wp\/v2\/media\/38652"}],"wp:attachment":[{"href":"https:\/\/infois.ro\/index.php?rest_route=%2Fwp%2Fv2%2Fmedia&parent=38651"}],"wp:term":[{"taxonomy":"category","embeddable":true,"href":"https:\/\/infois.ro\/index.php?rest_route=%2Fwp%2Fv2%2Fcategories&post=38651"},{"taxonomy":"post_tag","embeddable":true,"href":"https:\/\/infois.ro\/index.php?rest_route=%2Fwp%2Fv2%2Ftags&post=38651"}],"curies":[{"name":"wp","href":"https:\/\/api.w.org\/{rel}","templated":true}]}}