{"id":38762,"date":"2019-01-10T10:36:43","date_gmt":"2019-01-10T08:36:43","guid":{"rendered":"http:\/\/infois.ro\/?p=38762"},"modified":"2019-01-10T10:36:43","modified_gmt":"2019-01-10T08:36:43","slug":"traficul-pe-aeroportul-international-iasi-se-desfasoara-in-conditii-de-iarna","status":"publish","type":"post","link":"https:\/\/infois.ro\/?p=38762","title":{"rendered":"Traficul pe Aeroportul Interna\u0163ional Ia\u015fi se desf\u0103\u015foar\u0103 \u00een condi\u0163ii de iarn\u0103"},"content":{"rendered":"<p><a href=\"http:\/\/infois.ro\/wp-content\/uploads\/2018\/01\/aeroportul-iarna.jpg\"><img loading=\"lazy\" decoding=\"async\" class=\"alignleft  wp-image-32618\" src=\"http:\/\/infois.ro\/wp-content\/uploads\/2018\/01\/aeroportul-iarna.jpg\" alt=\"\" width=\"379\" height=\"214\" srcset=\"https:\/\/infois.ro\/wp-content\/uploads\/2018\/01\/aeroportul-iarna.jpg 640w, https:\/\/infois.ro\/wp-content\/uploads\/2018\/01\/aeroportul-iarna-300x169.jpg 300w, https:\/\/infois.ro\/wp-content\/uploads\/2018\/01\/aeroportul-iarna-140x80.jpg 140w\" sizes=\"(max-width: 379px) 100vw, 379px\" \/><\/a><\/p>\n<p style=\"text-align: justify;\">Activitatea la Aeroportul Interna\u0163ional Ia\u015fi se desf\u0103\u0219oar\u0103 \u00een condi\u021bii de iarn\u0103, utilajele de desz\u0103pezire lucr\u00e2nd la degajarea pistei \u00eenc\u0103 de la primele ore ale dimine\u0163ii. Potrivit reprezentan\u0163ilor aeroportului, se intervine cu utilaje moderne pentru a fi asigurate condi\u021biile optime desf\u0103\u0219ur\u0103rii \u00een deplin\u0103 siguran\u021b\u0103 a zborurilor programate. \u201eNicio curs\u0103 programat\u0103 \u00a0p\u00e2n\u0103 la aceast\u0103 or\u0103 nu a fost afectat\u0103 din cauza ninsorii abundente, iar vizibilitatea nu creeaz\u0103 deocamdat\u0103 probleme. Pista de aterizare-decolare este cur\u0103\u0163at\u0103 \u00een permanen\u0163\u0103, conform procedurilor, fiind perfect opera\u0163ional\u0103, la fel \u0219i platforma de sta\u021bionare a aeronavelor. \u00cen paralel, se lucreaz\u0103 la degivrarea aeronavelor \u00eenainte de decolarea acestora, activitate absolut necesar\u0103 \u00een condi\u021bii de \u00eenghe\u021b \u0219i care intr\u0103 \u00een sarcina firmelor de handling\u201d, au precizat reprezentan\u0163ii aeroportului.<\/p>\n","protected":false},"excerpt":{"rendered":"<p>Activitatea la Aeroportul Interna\u0163ional Ia\u015fi se desf\u0103\u0219oar\u0103 \u00een condi\u021bii de iarn\u0103, utilajele de desz\u0103pezire lucr\u00e2nd&#8230; <a class=\"meta-more\" href=\"https:\/\/infois.ro\/?p=38762\">more <span class=\"meta-nav\">&raquo;<\/span><\/a><\/p>\n","protected":false},"author":2,"featured_media":32618,"comment_status":"closed","ping_status":"closed","sticky":false,"template":"","format":"standard","meta":{"footnotes":""},"categories":[6,41],"tags":[74,448,1310,525,40,2478],"aioseo_notices":[],"_links":{"self":[{"href":"https:\/\/infois.ro\/index.php?rest_route=\/wp\/v2\/posts\/38762"}],"collection":[{"href":"https:\/\/infois.ro\/index.php?rest_route=\/wp\/v2\/posts"}],"about":[{"href":"https:\/\/infois.ro\/index.php?rest_route=\/wp\/v2\/types\/post"}],"author":[{"embeddable":true,"href":"https:\/\/infois.ro\/index.php?rest_route=\/wp\/v2\/users\/2"}],"replies":[{"embeddable":true,"href":"https:\/\/infois.ro\/index.php?rest_route=%2Fwp%2Fv2%2Fcomments&post=38762"}],"version-history":[{"count":1,"href":"https:\/\/infois.ro\/index.php?rest_route=\/wp\/v2\/posts\/38762\/revisions"}],"predecessor-version":[{"id":38763,"href":"https:\/\/infois.ro\/index.php?rest_route=\/wp\/v2\/posts\/38762\/revisions\/38763"}],"wp:featuredmedia":[{"embeddable":true,"href":"https:\/\/infois.ro\/index.php?rest_route=\/wp\/v2\/media\/32618"}],"wp:attachment":[{"href":"https:\/\/infois.ro\/index.php?rest_route=%2Fwp%2Fv2%2Fmedia&parent=38762"}],"wp:term":[{"taxonomy":"category","embeddable":true,"href":"https:\/\/infois.ro\/index.php?rest_route=%2Fwp%2Fv2%2Fcategories&post=38762"},{"taxonomy":"post_tag","embeddable":true,"href":"https:\/\/infois.ro\/index.php?rest_route=%2Fwp%2Fv2%2Ftags&post=38762"}],"curies":[{"name":"wp","href":"https:\/\/api.w.org\/{rel}","templated":true}]}}