{"id":38787,"date":"2019-01-11T16:44:18","date_gmt":"2019-01-11T14:44:18","guid":{"rendered":"http:\/\/infois.ro\/?p=38787"},"modified":"2019-01-12T06:47:37","modified_gmt":"2019-01-12T04:47:37","slug":"mijloacele-de-transport-in-comun-circula-in-conditii-de-iarna","status":"publish","type":"post","link":"https:\/\/infois.ro\/?p=38787","title":{"rendered":"Mijloacele de transport \u00een comun circul\u0103 \u00een condi\u021bii de iarn\u0103"},"content":{"rendered":"<p><a href=\"http:\/\/infois.ro\/wp-content\/uploads\/2014\/12\/tramvai.jpg\"><img loading=\"lazy\" decoding=\"async\" class=\"alignleft  wp-image-15137\" src=\"http:\/\/infois.ro\/wp-content\/uploads\/2014\/12\/tramvai.jpg\" alt=\"\" width=\"334\" height=\"212\" srcset=\"https:\/\/infois.ro\/wp-content\/uploads\/2014\/12\/tramvai.jpg 600w, https:\/\/infois.ro\/wp-content\/uploads\/2014\/12\/tramvai-300x190.jpg 300w, https:\/\/infois.ro\/wp-content\/uploads\/2014\/12\/tramvai-470x300.jpg 470w\" sizes=\"(max-width: 334px) 100vw, 334px\" \/><\/a><\/p>\n<p style=\"text-align: justify;\">Echipele\u00a0Companiei de Transport Public Ia\u015fi depun toate eforturile pentru a asigura circula\u021bia \u00een sigurn\u0163\u0103 a mijloacelor de transport, av\u00e2nd \u00een vedere condi\u021biile de trafic \u00eengreunate de ninsoarea care a c\u0103zut f\u0103r\u0103 contenire. Pe parcursul zilei de ast\u0103zi, un num\u0103r de 33 de angaja\u021bi au intervinit la cur\u0103\u021barea sta\u021biilor de autobuz \u0219i a peroanelor, pentru a u\u0219ura accesul c\u0103l\u0103torilor la mijloacele de transport. Ace\u0219tia au lucrat pe tronsoanele: Podul de Piatr\u0103-Metalurgie-T\u0103t\u0103ra\u0219i, Podul de Piatr\u0103-Dacia, Podu Ro\u0219-Tehnopolis, Gar\u0103-Canta, Podul de Piatr\u0103-Nicolae Iorga- fosta \u021aes\u0103tura. Totodat\u0103, un utilaj UNIMOG a asigurat cur\u0103\u021barea liniei de tramvai pe tronsonul T\u00e2rgu Cucu-Pia\u021ba Unirii. Ast\u0103zi, la strad\u0103 au fost scoase 141 de mijloace de transport, respectiv 91 de autobuze, 49 de tramvaie \u0219i un microbuz. La ora 9.00, au fost introduse suplimentar \u00eenc\u0103 dou\u0103 autobuze, pentru a mic\u0219ora timpii de a\u0219teptare \u00een sta\u021bii. Vremea nefavorabil\u0103 a dus \u0219i la blocaje \u00een care au fost implicate mijloace de transport. Astfel, \u00een sta\u021bia P\u0103durii, un vagon care circula spre T\u0103t\u0103ra\u0219i a r\u0103mas blocat timp de o or\u0103, iar \u00een zona Baza 3, un TIR a afectat circula\u021bia tramvaielor pe ambele sensuri, fiind trimis un utilaj al CTP Ia\u0219i pentru deblocare.<\/p>\n","protected":false},"excerpt":{"rendered":"<p>Echipele\u00a0Companiei de Transport Public Ia\u015fi depun toate eforturile pentru a asigura circula\u021bia \u00een sigurn\u0163\u0103 a&#8230; <a class=\"meta-more\" href=\"https:\/\/infois.ro\/?p=38787\">more <span class=\"meta-nav\">&raquo;<\/span><\/a><\/p>\n","protected":false},"author":2,"featured_media":15137,"comment_status":"closed","ping_status":"closed","sticky":false,"template":"","format":"standard","meta":{"footnotes":""},"categories":[1,41],"tags":[74,1310,40,3984,1593],"aioseo_notices":[],"_links":{"self":[{"href":"https:\/\/infois.ro\/index.php?rest_route=\/wp\/v2\/posts\/38787"}],"collection":[{"href":"https:\/\/infois.ro\/index.php?rest_route=\/wp\/v2\/posts"}],"about":[{"href":"https:\/\/infois.ro\/index.php?rest_route=\/wp\/v2\/types\/post"}],"author":[{"embeddable":true,"href":"https:\/\/infois.ro\/index.php?rest_route=\/wp\/v2\/users\/2"}],"replies":[{"embeddable":true,"href":"https:\/\/infois.ro\/index.php?rest_route=%2Fwp%2Fv2%2Fcomments&post=38787"}],"version-history":[{"count":1,"href":"https:\/\/infois.ro\/index.php?rest_route=\/wp\/v2\/posts\/38787\/revisions"}],"predecessor-version":[{"id":38788,"href":"https:\/\/infois.ro\/index.php?rest_route=\/wp\/v2\/posts\/38787\/revisions\/38788"}],"wp:featuredmedia":[{"embeddable":true,"href":"https:\/\/infois.ro\/index.php?rest_route=\/wp\/v2\/media\/15137"}],"wp:attachment":[{"href":"https:\/\/infois.ro\/index.php?rest_route=%2Fwp%2Fv2%2Fmedia&parent=38787"}],"wp:term":[{"taxonomy":"category","embeddable":true,"href":"https:\/\/infois.ro\/index.php?rest_route=%2Fwp%2Fv2%2Fcategories&post=38787"},{"taxonomy":"post_tag","embeddable":true,"href":"https:\/\/infois.ro\/index.php?rest_route=%2Fwp%2Fv2%2Ftags&post=38787"}],"curies":[{"name":"wp","href":"https:\/\/api.w.org\/{rel}","templated":true}]}}