{"id":38792,"date":"2019-01-12T06:54:25","date_gmt":"2019-01-12T04:54:25","guid":{"rendered":"http:\/\/infois.ro\/?p=38792"},"modified":"2019-01-12T06:54:25","modified_gmt":"2019-01-12T04:54:25","slug":"pasionatii-de-schi-sunt-asteptati-pe-partia-din-sararie","status":"publish","type":"post","link":"https:\/\/infois.ro\/?p=38792","title":{"rendered":"Pasiona\u021bii de schi sunt a\u0219tepta\u021bi pe p\u00e2rtia din S\u0103r\u0103rie"},"content":{"rendered":"<p><a href=\"http:\/\/infois.ro\/wp-content\/uploads\/2019\/01\/partia-de-schi.jpg\"><img loading=\"lazy\" decoding=\"async\" class=\"alignleft  wp-image-38793\" src=\"http:\/\/infois.ro\/wp-content\/uploads\/2019\/01\/partia-de-schi.jpg\" alt=\"\" width=\"317\" height=\"198\" srcset=\"https:\/\/infois.ro\/wp-content\/uploads\/2019\/01\/partia-de-schi.jpg 640w, https:\/\/infois.ro\/wp-content\/uploads\/2019\/01\/partia-de-schi-300x188.jpg 300w\" sizes=\"(max-width: 317px) 100vw, 317px\" \/><\/a><\/p>\n<p style=\"text-align: justify;\">\u00cencep\u00e2nd de ast\u0103zi, ie\u015fenii iubitori de schi sau s\u0103niu\u015f au ocazia s\u0103 practice aceste sporturi pe p\u00e2rtia din S\u0103r\u0103rie, care va func\u0163iona zilnic, de luni p\u00e2n\u0103 vineri, \u00eentre orele 16.00 \u0219i 23.00, iar s\u00e2mb\u0103ta \u015fi duminica \u00eentre orele 12.00 \u015fi 23.00. Pre\u0163ul unei urc\u0103ri cu teleschiul este de 2 lei, iar un abonament pentru copii (cu v\u00e2rsta sub 14 ani) cost\u0103 10 lei pentru 12 urc\u0103ri, \u00een timp ce cel rezervat adul\u0163ilor este de 20 lei pentru 12 urc\u0103ri. Un echipament complet poate fi \u00eenchiriat cu 10 lei pe or\u0103. Cei care doresc s\u0103 \u00eenchirieze doar cl\u0103parii, schiurile sau be\u0163ele trebuie s\u0103 achite 5 lei pe or\u0103. P\u00e2rtia din S\u0103r\u0103rie a fost omologat\u0103 \u00een anul 2006 \u015fi are o lungime de aproximativ 420 metri, l\u0103\u0163imea ei variind \u00eentre 20 \u015fi 30 metri. Plecarea se face \u00een zona S\u0103r\u0103rie, la 370 metri altitudine, sosirea fiind \u00een apropierea \u015foselei C\u00e2rlig, la 320 metri.<\/p>\n","protected":false},"excerpt":{"rendered":"<p>\u00cencep\u00e2nd de ast\u0103zi, ie\u015fenii iubitori de schi sau s\u0103niu\u015f au ocazia s\u0103 practice aceste sporturi&#8230; <a class=\"meta-more\" href=\"https:\/\/infois.ro\/?p=38792\">more <span class=\"meta-nav\">&raquo;<\/span><\/a><\/p>\n","protected":false},"author":2,"featured_media":38793,"comment_status":"closed","ping_status":"closed","sticky":false,"template":"","format":"standard","meta":{"footnotes":""},"categories":[1,41],"tags":[74,11657,5255,40,11656],"aioseo_notices":[],"_links":{"self":[{"href":"https:\/\/infois.ro\/index.php?rest_route=\/wp\/v2\/posts\/38792"}],"collection":[{"href":"https:\/\/infois.ro\/index.php?rest_route=\/wp\/v2\/posts"}],"about":[{"href":"https:\/\/infois.ro\/index.php?rest_route=\/wp\/v2\/types\/post"}],"author":[{"embeddable":true,"href":"https:\/\/infois.ro\/index.php?rest_route=\/wp\/v2\/users\/2"}],"replies":[{"embeddable":true,"href":"https:\/\/infois.ro\/index.php?rest_route=%2Fwp%2Fv2%2Fcomments&post=38792"}],"version-history":[{"count":1,"href":"https:\/\/infois.ro\/index.php?rest_route=\/wp\/v2\/posts\/38792\/revisions"}],"predecessor-version":[{"id":38794,"href":"https:\/\/infois.ro\/index.php?rest_route=\/wp\/v2\/posts\/38792\/revisions\/38794"}],"wp:featuredmedia":[{"embeddable":true,"href":"https:\/\/infois.ro\/index.php?rest_route=\/wp\/v2\/media\/38793"}],"wp:attachment":[{"href":"https:\/\/infois.ro\/index.php?rest_route=%2Fwp%2Fv2%2Fmedia&parent=38792"}],"wp:term":[{"taxonomy":"category","embeddable":true,"href":"https:\/\/infois.ro\/index.php?rest_route=%2Fwp%2Fv2%2Fcategories&post=38792"},{"taxonomy":"post_tag","embeddable":true,"href":"https:\/\/infois.ro\/index.php?rest_route=%2Fwp%2Fv2%2Ftags&post=38792"}],"curies":[{"name":"wp","href":"https:\/\/api.w.org\/{rel}","templated":true}]}}