{"id":38934,"date":"2019-01-18T15:41:37","date_gmt":"2019-01-18T13:41:37","guid":{"rendered":"http:\/\/infois.ro\/?p=38934"},"modified":"2019-01-18T15:41:37","modified_gmt":"2019-01-18T13:41:37","slug":"contract-de-asigurare-pentru-locuintele-aflate-in-proprietatea-primariei","status":"publish","type":"post","link":"https:\/\/infois.ro\/?p=38934","title":{"rendered":"Contract de asigurare pentru locuin\u0163ele aflate \u00een proprietatea Prim\u0103riei"},"content":{"rendered":"<p><a href=\"http:\/\/infois.ro\/wp-content\/uploads\/2018\/04\/panorama-Iasi.jpg\"><img loading=\"lazy\" decoding=\"async\" class=\"alignleft  wp-image-33972\" src=\"http:\/\/infois.ro\/wp-content\/uploads\/2018\/04\/panorama-Iasi.jpg\" alt=\"\" width=\"413\" height=\"216\" srcset=\"https:\/\/infois.ro\/wp-content\/uploads\/2018\/04\/panorama-Iasi.jpg 640w, https:\/\/infois.ro\/wp-content\/uploads\/2018\/04\/panorama-Iasi-300x158.jpg 300w\" sizes=\"(max-width: 413px) 100vw, 413px\" \/><\/a><\/p>\n<p style=\"text-align: justify;\">Municipalitatea ie\u0219ean\u0103 a \u00eencheiat un contract de asigurare a locuin\u021belor gestionate de Direc\u021bia Fond Locativ (DFL), serviciul urm\u00e2nd s\u0103 fie prestat de Generali Rom\u00e2nia Asigurare Reasigurare SA din Bucure\u0219ti. Potrivit clauzelor contractuale obligatorii, pre\u021bul convenit pentru \u00eendeplinirea contractului este de 20 de euro pe locuin\u021b\u0103 pentru locuin\u021bele a c\u0103ror sum\u0103 asigurat\u0103 este de 20.000 de euro. Suma total\u0103 de plat\u0103 aferent\u0103 celor 1.641 de locuin\u021be de fac obiectul contractului este de 4,6413 lei\/1 euro, respectiv echivalentul a 152.327,47 lei, calculat la cursul BNR din data pl\u0103\u021bii. Durata contractului este de un an, de la data intr\u0103rii \u00een vigoare a documentului. Primarul Mihai Chirica a anun\u0163at c\u0103 \u0219i cele dou\u0103 spitale aflate \u00een subordinea municipalit\u0103\u021bii ie\u0219ene, respectiv Spitalul Clinic de Recuperare \u0219i Spitalul Clinic \u201eDr. C. I. Parhon\u201d, beneficiaz\u0103 de acela\u0219i serviciu de asigurare. \u201eAnul trecut, pentru c\u0103 am avut asigurare pentru Spitalul \u00abParhon\u00bb, \u00een contextul incendiului produs la Institutul de Boli Cardiovasculare, am recuperat 800.000 de lei, bani pe care \u00eei vom folosi pentru refacerea spitalului. Sper\u0103m ca exemplul nostru s\u0103 fie preluat \u0219i de ie\u0219eni\u201d, a precizat primarul.<\/p>\n","protected":false},"excerpt":{"rendered":"<p>Municipalitatea ie\u0219ean\u0103 a \u00eencheiat un contract de asigurare a locuin\u021belor gestionate de Direc\u021bia Fond Locativ&#8230; <a class=\"meta-more\" href=\"https:\/\/infois.ro\/?p=38934\">more <span class=\"meta-nav\">&raquo;<\/span><\/a><\/p>\n","protected":false},"author":2,"featured_media":33972,"comment_status":"closed","ping_status":"closed","sticky":false,"template":"","format":"standard","meta":{"footnotes":""},"categories":[1,41],"tags":[74,11694,3905,40,715,987],"aioseo_notices":[],"_links":{"self":[{"href":"https:\/\/infois.ro\/index.php?rest_route=\/wp\/v2\/posts\/38934"}],"collection":[{"href":"https:\/\/infois.ro\/index.php?rest_route=\/wp\/v2\/posts"}],"about":[{"href":"https:\/\/infois.ro\/index.php?rest_route=\/wp\/v2\/types\/post"}],"author":[{"embeddable":true,"href":"https:\/\/infois.ro\/index.php?rest_route=\/wp\/v2\/users\/2"}],"replies":[{"embeddable":true,"href":"https:\/\/infois.ro\/index.php?rest_route=%2Fwp%2Fv2%2Fcomments&post=38934"}],"version-history":[{"count":1,"href":"https:\/\/infois.ro\/index.php?rest_route=\/wp\/v2\/posts\/38934\/revisions"}],"predecessor-version":[{"id":38935,"href":"https:\/\/infois.ro\/index.php?rest_route=\/wp\/v2\/posts\/38934\/revisions\/38935"}],"wp:featuredmedia":[{"embeddable":true,"href":"https:\/\/infois.ro\/index.php?rest_route=\/wp\/v2\/media\/33972"}],"wp:attachment":[{"href":"https:\/\/infois.ro\/index.php?rest_route=%2Fwp%2Fv2%2Fmedia&parent=38934"}],"wp:term":[{"taxonomy":"category","embeddable":true,"href":"https:\/\/infois.ro\/index.php?rest_route=%2Fwp%2Fv2%2Fcategories&post=38934"},{"taxonomy":"post_tag","embeddable":true,"href":"https:\/\/infois.ro\/index.php?rest_route=%2Fwp%2Fv2%2Ftags&post=38934"}],"curies":[{"name":"wp","href":"https:\/\/api.w.org\/{rel}","templated":true}]}}