{"id":38951,"date":"2019-01-21T12:51:18","date_gmt":"2019-01-21T10:51:18","guid":{"rendered":"http:\/\/infois.ro\/?p=38951"},"modified":"2019-01-21T12:51:18","modified_gmt":"2019-01-21T10:51:18","slug":"o-noua-sesiune-de-licitatii-pentru-inchirierea-locurilor-de-parcare-de-resedinta","status":"publish","type":"post","link":"https:\/\/infois.ro\/?p=38951","title":{"rendered":"O nou\u0103 sesiune de licita\u0163ii pentru \u00eenchirierea locurilor de parcare de re\u015fedin\u0163\u0103"},"content":{"rendered":"<p><a href=\"http:\/\/infois.ro\/wp-content\/uploads\/2018\/04\/parcare.jpg\"><img loading=\"lazy\" decoding=\"async\" class=\"alignleft  wp-image-34086\" src=\"http:\/\/infois.ro\/wp-content\/uploads\/2018\/04\/parcare.jpg\" alt=\"\" width=\"391\" height=\"225\" srcset=\"https:\/\/infois.ro\/wp-content\/uploads\/2018\/04\/parcare.jpg 640w, https:\/\/infois.ro\/wp-content\/uploads\/2018\/04\/parcare-300x173.jpg 300w, https:\/\/infois.ro\/wp-content\/uploads\/2018\/04\/parcare-139x80.jpg 139w, https:\/\/infois.ro\/wp-content\/uploads\/2018\/04\/parcare-140x80.jpg 140w\" sizes=\"(max-width: 391px) 100vw, 391px\" \/><\/a><\/p>\n<p style=\"text-align: justify;\">Pe 1 februarie, Prim\u0103ria va organiza mai multe licita\u021bii pentru \u00eenchirierea de locuri de parcare de re\u015fedin\u0163\u0103. Astfel, la ora 12.00 va fi organizat\u0103 o licita\u021bie pentru \u00eenchirierea a trei locuri de parcare, cu nr. 10, 12 \u0219i 31, situate \u00een aleea Mircea cel B\u0103tr\u00e2n, nr. 3. Au drept de participare locatarii blocurilor H3, N4, N5, O2, O3 \u0219i O4. De la ora 13.00 va fi organizat\u0103 o licita\u021bie pentru \u00eenchirierea unui loc de parcare, cu nr. 1, situat \u00een bulevardul \u021au\u021bora, nr. 7A. Au drept\u00a0de participare locatarii blocului A2, E2 \u0219i E3. La ora 13.30 va fi scos spre \u00eenchiriere un loc de parcare, cu nr. 8, situat \u00een strada Mu\u0219atini, nr. 35. Au drept de participare locatarii blocurilor C2, R3 \u0219i X7. De la ora 14.00 va fi organizat\u0103 o licita\u021bie pentru \u00eenchirierea unui loc de parcare, cu nr. 14, situate \u00een \u0219oseaua P\u0103curari, nr. 18. Au drept de participare locatarii blocurilor 556, 557 \u0219i T1. De la ora 14.30 va fi organizat\u0103 o licita\u021bie pentru \u00eenchirierea a trei locuri de parcare, cu nr. 2, 8 \u0219i 78, situate \u00een strada Han T\u0103tar, nr. 14. Au drept de participare locatarii blocurilor 360, 361, 362, D1, D10, D12, F5, F6, F7, K1, P10, P11, P12, P13, Z, precum \u0219i Oancea, nr.20. Pentru toate cele cinci licita\u021bii data limit\u0103 de depunere a dosarelor este 30 ianuarie, ora 13.00, acestea urm\u00e2nd a se desf\u0103\u0219ura la sediul Direc\u0163iei Exploatare Patrimoniu (DEP), din \u015foseaua Na\u0163ional\u0103, nr. 43, et. 6. Pre\u0163ul documenta\u0163iei este de 10 lei\/loc, iar taxa de participare 5 lei\/loc. Garan\u0163ia de participare este de 50 lei\/loc. Rela\u0163ii suplimentare privind procurarea documenta\u0163iei \u015fi condi\u0163iile de participare se pot ob\u0163ine de la DEP, \u0219oseaua Na\u0163ional\u0103, nr. 43, et. 4, cam. 15, telefon 0232\/264246 (interior 43). Program cu publicul: luni, miercuri \u015fi vineri: 9.00 \u2013 13.00; marti \u015fi joi: 12.00 \u2013 15.00.<\/p>\n","protected":false},"excerpt":{"rendered":"<p>Pe 1 februarie, Prim\u0103ria va organiza mai multe licita\u021bii pentru \u00eenchirierea de locuri de parcare&#8230; <a class=\"meta-more\" href=\"https:\/\/infois.ro\/?p=38951\">more <span class=\"meta-nav\">&raquo;<\/span><\/a><\/p>\n","protected":false},"author":2,"featured_media":34086,"comment_status":"closed","ping_status":"closed","sticky":false,"template":"","format":"standard","meta":{"footnotes":""},"categories":[1,41],"tags":[74,4634,40,846,1671],"aioseo_notices":[],"_links":{"self":[{"href":"https:\/\/infois.ro\/index.php?rest_route=\/wp\/v2\/posts\/38951"}],"collection":[{"href":"https:\/\/infois.ro\/index.php?rest_route=\/wp\/v2\/posts"}],"about":[{"href":"https:\/\/infois.ro\/index.php?rest_route=\/wp\/v2\/types\/post"}],"author":[{"embeddable":true,"href":"https:\/\/infois.ro\/index.php?rest_route=\/wp\/v2\/users\/2"}],"replies":[{"embeddable":true,"href":"https:\/\/infois.ro\/index.php?rest_route=%2Fwp%2Fv2%2Fcomments&post=38951"}],"version-history":[{"count":1,"href":"https:\/\/infois.ro\/index.php?rest_route=\/wp\/v2\/posts\/38951\/revisions"}],"predecessor-version":[{"id":38952,"href":"https:\/\/infois.ro\/index.php?rest_route=\/wp\/v2\/posts\/38951\/revisions\/38952"}],"wp:featuredmedia":[{"embeddable":true,"href":"https:\/\/infois.ro\/index.php?rest_route=\/wp\/v2\/media\/34086"}],"wp:attachment":[{"href":"https:\/\/infois.ro\/index.php?rest_route=%2Fwp%2Fv2%2Fmedia&parent=38951"}],"wp:term":[{"taxonomy":"category","embeddable":true,"href":"https:\/\/infois.ro\/index.php?rest_route=%2Fwp%2Fv2%2Fcategories&post=38951"},{"taxonomy":"post_tag","embeddable":true,"href":"https:\/\/infois.ro\/index.php?rest_route=%2Fwp%2Fv2%2Ftags&post=38951"}],"curies":[{"name":"wp","href":"https:\/\/api.w.org\/{rel}","templated":true}]}}