{"id":3902,"date":"2013-02-04T10:31:56","date_gmt":"2013-02-04T08:31:56","guid":{"rendered":"http:\/\/infois.ro\/?p=3902"},"modified":"2013-02-04T10:31:56","modified_gmt":"2013-02-04T08:31:56","slug":"doua-strazi-din-centrul-orasului-au-fost-redenumite","status":"publish","type":"post","link":"https:\/\/infois.ro\/?p=3902","title":{"rendered":"Dou\u0103 str\u0103zi din centrul ora\u0219ului au fost redenumite"},"content":{"rendered":"<p style=\"text-align: justify;\"><a class=\"highslide\" onclick=\"return vz.expand(this)\" href=\"http:\/\/infois.ro\/wp-content\/uploads\/2013\/02\/teatrul-national.jpg\"><img loading=\"lazy\" decoding=\"async\" class=\"alignleft size-large wp-image-3903\" title=\"teatrul national\" src=\"http:\/\/infois.ro\/wp-content\/uploads\/cache\/2013\/02\/teatrul-national\/3812724685.jpg\" alt=\"\" width=\"640\" height=\"411\" \/><\/a><\/p>\n<p style=\"text-align: justify;\">Pe ordinea de zi a ultimei \u0219edin\u021be a Consiliului Local Municipal (CLM), desf\u0103\u0219urat\u0103 s\u0103pt\u0103m\u00e2na trecut\u0103,\u00a0 s-au aflat \u0219i dou\u0103 proiecte de hot\u0103r\u00e2re care vizau schimbarea denumirii unor str\u0103zi din ora\u0219. Cu unanimitate de voturi, consilierii loclai ie\u0219eni au aprobat schimbarea numelui str\u0103zii Dancu, situat\u0103 \u00eentre strada Cuza Vod\u0103 \u015fi p\u00e2n\u0103 \u00een strada Sf. Sava, \u00een laterala Teatrului Na\u0163ional \u015fi a Maternit\u0103\u0163ii Cuza Vod\u0103, \u00een strada M\u0103n\u0103stirea Dancu. Modificarea numelui este o corec\u0163ie a situa\u0163iei istorice a a\u015fez\u0103m\u00e2ntului monahal de la care se trage actualul nume. M\u0103n\u0103stirea Dancu a existat p\u00e2n\u0103 \u00een 1903 pe actualul amplasament al parcului \u015fi a parc\u0103rii din laterala Teatrului Na\u0163ional. M\u0103n\u0103stirea Dancu are ad\u00e2nci r\u0103d\u0103cini \u00een istoria Ia\u015fului. A fost zidit\u0103 \u00een 1541 de Iurie Dancu, sp\u0103tar al voievodului Petru Rare\u015f \u015fi a purtat Hramul Sfiin\u0163ilor Mihail \u015fi Gavril. Dup\u0103 mai bine de un secol \u015fi jum\u0103tate \u00een care a fost biseric\u0103 de parohie, l\u0103ca\u015ful religios a devenit a\u015fez\u0103m\u00e2nt monahal \u015fi a fost \u00eenchinat\u0103 la o m\u0103n\u0103stire din Muntele Athos. Pe parcursul timpului a g\u0103zduit c\u0103lug\u0103ri greci \u015fi rom\u00e2ni \u015fi a de\u0163inut importante mo\u015fii din jurul Ia\u015fului. Secularizarea averilor m\u0103n\u0103stire\u015fti a \u00eensemnat dec\u0103derea a\u015fez\u0103m\u00e2ntului spre finalul secolului XIX. Structura bisericii a fost grav afectat\u0103 de construc\u0163ia Teatrului Na\u0163ional 1894 \u2013 1896, autorit\u0103\u0163ile locale hot\u0103r\u00e2nd demolarea \u00een 1903. \u00cen memoria fostei biserici, dup\u0103 1990, strada din preajma fostului amplasament a devenit strada Dancu, iar acum este corectat\u0103 la strada M\u0103n\u0103stirea Dancu. Cea de-a doua strad\u0103 din municipiu, care a fost redenumit\u0103, va purta numele marelui compozitor \u015fi dirijor Achim Stoia. Strada este situat\u0103 \u00eentre strada Costache Negri \u015fi strada Anastasie Panu, \u00eentre Casa P\u0103trat\u0103 \u015fi Moldova Mall. Municipalitatea a ales astfel s\u0103 omagieze personalitatea compozitorul Achim Stoia, de numele c\u0103ruia se leag\u0103 importante evenimente ale Filarmonicii Moldova. Venit la Ia\u015fi \u00een 1945 ca dirijor al orchestrei Filarmonicii, s-a remarcat prin \u00eenfiin\u0163area corului \u201eGavril Musicescu\u201d, a orchestrei de muzic\u0103 popular\u0103 \u201eDoina Moldovei\u201d. A dirijat concertul inaugural al s\u0103lii Filarmonicii cu o prim\u0103 audi\u0163ie a Simfoniei a IX-a de Beethoven. Profesor \u015fi apoi rector al Conservatorului ie\u015fean, Achim Stoia are o bogat\u0103 activitate de compozitor, fiind printre cele mai importante personalit\u0103\u0163i din domeniu muzicii.<\/p>\n","protected":false},"excerpt":{"rendered":"<p>Pe ordinea de zi a ultimei \u0219edin\u021be a Consiliului Local Municipal (CLM), desf\u0103\u0219urat\u0103 s\u0103pt\u0103m\u00e2na trecut\u0103,\u00a0&#8230; <a class=\"meta-more\" href=\"https:\/\/infois.ro\/?p=3902\">more <span class=\"meta-nav\">&raquo;<\/span><\/a><\/p>\n","protected":false},"author":2,"featured_media":3903,"comment_status":"open","ping_status":"closed","sticky":false,"template":"","format":"standard","meta":{"footnotes":""},"categories":[1,41],"tags":[1630,74,1629,296,68],"aioseo_notices":[],"_links":{"self":[{"href":"https:\/\/infois.ro\/index.php?rest_route=\/wp\/v2\/posts\/3902"}],"collection":[{"href":"https:\/\/infois.ro\/index.php?rest_route=\/wp\/v2\/posts"}],"about":[{"href":"https:\/\/infois.ro\/index.php?rest_route=\/wp\/v2\/types\/post"}],"author":[{"embeddable":true,"href":"https:\/\/infois.ro\/index.php?rest_route=\/wp\/v2\/users\/2"}],"replies":[{"embeddable":true,"href":"https:\/\/infois.ro\/index.php?rest_route=%2Fwp%2Fv2%2Fcomments&post=3902"}],"version-history":[{"count":1,"href":"https:\/\/infois.ro\/index.php?rest_route=\/wp\/v2\/posts\/3902\/revisions"}],"predecessor-version":[{"id":3904,"href":"https:\/\/infois.ro\/index.php?rest_route=\/wp\/v2\/posts\/3902\/revisions\/3904"}],"wp:featuredmedia":[{"embeddable":true,"href":"https:\/\/infois.ro\/index.php?rest_route=\/wp\/v2\/media\/3903"}],"wp:attachment":[{"href":"https:\/\/infois.ro\/index.php?rest_route=%2Fwp%2Fv2%2Fmedia&parent=3902"}],"wp:term":[{"taxonomy":"category","embeddable":true,"href":"https:\/\/infois.ro\/index.php?rest_route=%2Fwp%2Fv2%2Fcategories&post=3902"},{"taxonomy":"post_tag","embeddable":true,"href":"https:\/\/infois.ro\/index.php?rest_route=%2Fwp%2Fv2%2Ftags&post=3902"}],"curies":[{"name":"wp","href":"https:\/\/api.w.org\/{rel}","templated":true}]}}