{"id":39128,"date":"2019-01-30T07:25:05","date_gmt":"2019-01-30T05:25:05","guid":{"rendered":"http:\/\/infois.ro\/?p=39128"},"modified":"2019-01-30T07:25:05","modified_gmt":"2019-01-30T05:25:05","slug":"a-inceput-montarea-primului-parcometru-din-oras","status":"publish","type":"post","link":"https:\/\/infois.ro\/?p=39128","title":{"rendered":"A \u00eenceput montarea primului parcometru din ora\u015f"},"content":{"rendered":"<p><a href=\"http:\/\/infois.ro\/wp-content\/uploads\/2018\/08\/parcometru.jpg\"><img loading=\"lazy\" decoding=\"async\" class=\"alignleft  wp-image-36181\" src=\"http:\/\/infois.ro\/wp-content\/uploads\/2018\/08\/parcometru.jpg\" alt=\"\" width=\"402\" height=\"218\" srcset=\"https:\/\/infois.ro\/wp-content\/uploads\/2018\/08\/parcometru.jpg 640w, https:\/\/infois.ro\/wp-content\/uploads\/2018\/08\/parcometru-300x163.jpg 300w\" sizes=\"(max-width: 402px) 100vw, 402px\" \/><\/a><\/p>\n<p style=\"text-align: justify;\">Prim\u0103ria a trecut din aceast\u0103 s\u0103pt\u0103m\u00e2n\u0103 la montarea primelor parcometre din ora\u015f, m\u0103sur\u0103 \u00een urma c\u0103reia va fi implementat un nou sistem, mult mai eficient \u015fi modern, de gestionare a locurilor publice de sta\u0163ionare a autovehiculelor. Primul parcometru este montat \u00een aceste zile \u00een parcarea situat\u0103 vis-a-vis de Cinematograful \u201cVictoria\u201d. \u201cInstalarea efectiv\u0103 \u015fi bran\u015farea la re\u0163eaua de curent electric vor fi f\u0103cute \u00een perioada imediat urm\u0103toare, dac\u0103 vremea o va permite, tot atunci urm\u00e2nd s\u0103 fie f\u0103cute \u015fi probele tehnice ale instala\u0163iei. Speran\u0163a noastr\u0103 este ca acest prim parcometru s\u0103 fie dat efectiv \u00een folosin\u0163\u0103 p\u00e2n\u0103 la finalul iernii\u201d, a declarat, mar\u0163i, \u00eentr-o conferin\u0163\u0103 de pres\u0103, primarul Mihai Chirica. Reamintim c\u0103, potrivit contractului \u00eencheiat de Prim\u0103rie cu firma c\u00e2\u015ftig\u0103toare a licita\u0163iei, \u00een prima etap\u0103, \u00een municipiu vor fi instalate zece parcometre, situate toate \u00een zona central, care vor permite pl\u0103tirea tarifului de parcare prin mijloace moderne, electronice. \u201cAvantajele implement\u0103rii unui astfel de sistem sunt evidente: nu permite fraudarea \u00eencas\u0103rilor, personalul angajat nu mai intr\u0103 \u00een contact direct cu banii, care astfel vor ajunge direct \u00een conturile Prim\u0103riei Municipiului Ia\u015fi&#8221;, a men\u0163ionat edilul. Valoarea total\u0103 a contractului privind achizi\u0163ionarea \u015fi montarea celor zece parcometre este de 383.000 de lei, f\u0103r\u0103 TVA, echipamentele urm\u00e2nd s\u0103 accepte plata \u00een bancnote de 1, 5, 10 \u015fi 50 de lei.<\/p>\n<p style=\"text-align: justify;\">\n<p style=\"text-align: justify;\">\n","protected":false},"excerpt":{"rendered":"<p>Prim\u0103ria a trecut din aceast\u0103 s\u0103pt\u0103m\u00e2n\u0103 la montarea primelor parcometre din ora\u015f, m\u0103sur\u0103 \u00een urma&#8230; <a class=\"meta-more\" href=\"https:\/\/infois.ro\/?p=39128\">more <span class=\"meta-nav\">&raquo;<\/span><\/a><\/p>\n","protected":false},"author":2,"featured_media":36181,"comment_status":"closed","ping_status":"closed","sticky":false,"template":"","format":"standard","meta":{"footnotes":""},"categories":[1,41],"tags":[74,3905,40,846,11747],"aioseo_notices":[],"_links":{"self":[{"href":"https:\/\/infois.ro\/index.php?rest_route=\/wp\/v2\/posts\/39128"}],"collection":[{"href":"https:\/\/infois.ro\/index.php?rest_route=\/wp\/v2\/posts"}],"about":[{"href":"https:\/\/infois.ro\/index.php?rest_route=\/wp\/v2\/types\/post"}],"author":[{"embeddable":true,"href":"https:\/\/infois.ro\/index.php?rest_route=\/wp\/v2\/users\/2"}],"replies":[{"embeddable":true,"href":"https:\/\/infois.ro\/index.php?rest_route=%2Fwp%2Fv2%2Fcomments&post=39128"}],"version-history":[{"count":1,"href":"https:\/\/infois.ro\/index.php?rest_route=\/wp\/v2\/posts\/39128\/revisions"}],"predecessor-version":[{"id":39129,"href":"https:\/\/infois.ro\/index.php?rest_route=\/wp\/v2\/posts\/39128\/revisions\/39129"}],"wp:featuredmedia":[{"embeddable":true,"href":"https:\/\/infois.ro\/index.php?rest_route=\/wp\/v2\/media\/36181"}],"wp:attachment":[{"href":"https:\/\/infois.ro\/index.php?rest_route=%2Fwp%2Fv2%2Fmedia&parent=39128"}],"wp:term":[{"taxonomy":"category","embeddable":true,"href":"https:\/\/infois.ro\/index.php?rest_route=%2Fwp%2Fv2%2Fcategories&post=39128"},{"taxonomy":"post_tag","embeddable":true,"href":"https:\/\/infois.ro\/index.php?rest_route=%2Fwp%2Fv2%2Ftags&post=39128"}],"curies":[{"name":"wp","href":"https:\/\/api.w.org\/{rel}","templated":true}]}}