{"id":3920,"date":"2013-02-04T15:57:16","date_gmt":"2013-02-04T13:57:16","guid":{"rendered":"http:\/\/infois.ro\/?p=3920"},"modified":"2013-02-04T15:57:16","modified_gmt":"2013-02-04T13:57:16","slug":"palatul-braunstein-unul-dintre-simbolurile-iasului-va-fi-consolidat-si-reabilitat-de-primarie","status":"publish","type":"post","link":"https:\/\/infois.ro\/?p=3920","title":{"rendered":"Palatul Braunstein, unul dintre simbolurile Ia\u0219ului, va fi consolidat \u0219i reabilitat de Prim\u0103rie"},"content":{"rendered":"<p style=\"text-align: justify;\"><a class=\"highslide\" onclick=\"return vz.expand(this)\" href=\"http:\/\/infois.ro\/wp-content\/uploads\/2013\/02\/palatul-braunstein.jpg\"><img loading=\"lazy\" decoding=\"async\" class=\"alignleft size-large wp-image-3921\" title=\"palatul braunstein\" src=\"http:\/\/infois.ro\/wp-content\/uploads\/cache\/2013\/02\/palatul-braunstein\/1555380396.jpg\" alt=\"\" width=\"550\" height=\"452\" \/><\/a>Unul dintre simbolurile municipiului Ia\u015fi, Palatul Braunstein, aflat \u00een acest moment \u00eentr-un avansat stadiu de degradare, va fi supus \u00een perioada urm\u0103toare unui amplu proces de reabilitare, anun\u021b\u0103 reprezentan\u021bii Prim\u0103riei. Imobilul a intrat recent \u00een administrarea\u00a0municipalit\u0103\u021bii ie\u0219ene, institu\u021bie care \u0219i-a intensificat demersurile privind g\u0103sirea unei solu\u0163ii de finan\u0163are a lucr\u0103rilor de consolidare \u0219i reabilitare a cl\u0103dirii. Cel mai probabil, afirm\u0103 reprezentan\u021bii municipalit\u0103\u021bii, lucr\u0103rile de reabilitare a Palatului Braunstein vor fi finan\u021bate cu bani de la Uniunea European\u0103, \u00een cadrul unui proiect care vizeaz\u0103 conservarea monumentelor istorice. Palatul Braunstein a fost ridicat la jum\u0103tatea secolului al XIX-lea, al\u0103turi de Hotelul Traian, cele dou\u0103 obiective amintind de vechea Pia\u0163\u0103 a Unirii din Ia\u0219i. Prim\u0103ria Ia\u015fi\u00a0a c\u00e2\u015ftigat \u00een instan\u0163\u0103 dreptul de administrare total\u0103 a cl\u0103dirii care g\u0103zduie\u015fte, \u00een prezent, pe l\u00e2ng\u0103 locuin\u021be, \u015fi Galeriile Cupola. \u201cPe viitor, aceast\u0103 cl\u0103dire nu va mai fi una de locuit. O s\u0103 reg\u00e2ndim spa\u0163iul imobilului. Am \u00eenceput lucrul la documenta\u0163ie pentru a prinde cl\u0103direa \u00eentr-un proiect cu fonduri europene. Cu c\u00e2t mai repede, cu at\u00e2t mai bine. Primul pas va fi relocarea familiilor care \u00eenc\u0103 mai stau acolo, iar mai apoi finalizarea documenta\u0163iei \u015fi accesarea fondurilor pentru reabilitarea palatului\u201d, a declarat Sebastian Buraga, purt\u0103torul de cuv\u00e2nt al Prim\u0103riei Ia\u015fi. \u00cen acest sens a fost f\u0103cut\u0103 expertiza tehnic\u0103 a imobilului, documenta\u0163ie care va sta la baza depunerii proiectului. Dup\u0103 refacere, o posibil\u0103 func\u0163iune a cl\u0103dirii ar fi aceea de muzeu sau galerie de art\u0103. Totodat\u0103, la etaj, cl\u0103direa ar putea servi drept spa\u0163iu de birouri. Palatul Braunstein a fost ridicat de antreprenorul Adolf Braunstein, un evreu bogat, care de\u0163inea pr\u0103v\u0103lii de-a lungul str\u0103zii Cuza Vod\u0103. Cl\u0103direa a servit ca hotel \u015fi sediu de banc\u0103, iar ulterior a fost transformat\u0103 \u00een redac\u0163ii ale unor ziare, \u00een sedii ale unor firme particulare sau a g\u0103zduit partide politice. \u00cen 1920, Partidul \u0162\u0103r\u0103nesc a avut drept sediu Palatul Braunstein, \u00een 1935 magazinul de bijuterii \u201cCristal\u201d s-a aflat la parterul imobilului. \u00cen anii 1970, acolo s-a mutat magazinul \u201cVictoria\u201d. Cupola palatului a fost inaugurat\u0103 \u00een 1915. Palatul Braunstein a rezistat inunda\u0163iilor din 1932, bombardamentelor din 1944 \u015fi cutremurului din martie 1977.<\/p>\n","protected":false},"excerpt":{"rendered":"<p>Unul dintre simbolurile municipiului Ia\u015fi, Palatul Braunstein, aflat \u00een acest moment \u00eentr-un avansat stadiu de&#8230; <a class=\"meta-more\" href=\"https:\/\/infois.ro\/?p=3920\">more <span class=\"meta-nav\">&raquo;<\/span><\/a><\/p>\n","protected":false},"author":2,"featured_media":3921,"comment_status":"open","ping_status":"closed","sticky":false,"template":"","format":"standard","meta":{"footnotes":""},"categories":[1,41],"tags":[74,395,1643,296],"aioseo_notices":[],"_links":{"self":[{"href":"https:\/\/infois.ro\/index.php?rest_route=\/wp\/v2\/posts\/3920"}],"collection":[{"href":"https:\/\/infois.ro\/index.php?rest_route=\/wp\/v2\/posts"}],"about":[{"href":"https:\/\/infois.ro\/index.php?rest_route=\/wp\/v2\/types\/post"}],"author":[{"embeddable":true,"href":"https:\/\/infois.ro\/index.php?rest_route=\/wp\/v2\/users\/2"}],"replies":[{"embeddable":true,"href":"https:\/\/infois.ro\/index.php?rest_route=%2Fwp%2Fv2%2Fcomments&post=3920"}],"version-history":[{"count":2,"href":"https:\/\/infois.ro\/index.php?rest_route=\/wp\/v2\/posts\/3920\/revisions"}],"predecessor-version":[{"id":3923,"href":"https:\/\/infois.ro\/index.php?rest_route=\/wp\/v2\/posts\/3920\/revisions\/3923"}],"wp:featuredmedia":[{"embeddable":true,"href":"https:\/\/infois.ro\/index.php?rest_route=\/wp\/v2\/media\/3921"}],"wp:attachment":[{"href":"https:\/\/infois.ro\/index.php?rest_route=%2Fwp%2Fv2%2Fmedia&parent=3920"}],"wp:term":[{"taxonomy":"category","embeddable":true,"href":"https:\/\/infois.ro\/index.php?rest_route=%2Fwp%2Fv2%2Fcategories&post=3920"},{"taxonomy":"post_tag","embeddable":true,"href":"https:\/\/infois.ro\/index.php?rest_route=%2Fwp%2Fv2%2Ftags&post=3920"}],"curies":[{"name":"wp","href":"https:\/\/api.w.org\/{rel}","templated":true}]}}