{"id":39201,"date":"2019-02-02T08:23:17","date_gmt":"2019-02-02T06:23:17","guid":{"rendered":"http:\/\/infois.ro\/?p=39201"},"modified":"2019-02-02T08:23:17","modified_gmt":"2019-02-02T06:23:17","slug":"autostrada-a8-nu-se-regaseste-in-proiectul-de-buget-pe-acest-an-al-guvernului","status":"publish","type":"post","link":"https:\/\/infois.ro\/?p=39201","title":{"rendered":"Autostrada A8 nu se reg\u0103se\u015fte \u00een proiectul de buget pe acest an al Guvernului"},"content":{"rendered":"<p><a href=\"http:\/\/infois.ro\/wp-content\/uploads\/2015\/09\/autostrada.jpg\"><img loading=\"lazy\" decoding=\"async\" class=\"alignleft  wp-image-19325\" src=\"http:\/\/infois.ro\/wp-content\/uploads\/2015\/09\/autostrada.jpg\" alt=\"\" width=\"324\" height=\"208\" srcset=\"https:\/\/infois.ro\/wp-content\/uploads\/2015\/09\/autostrada.jpg 600w, https:\/\/infois.ro\/wp-content\/uploads\/2015\/09\/autostrada-300x192.jpg 300w, https:\/\/infois.ro\/wp-content\/uploads\/2015\/09\/autostrada-470x300.jpg 470w\" sizes=\"(max-width: 324px) 100vw, 324px\" \/><\/a><\/p>\n<p style=\"text-align: justify;\">Construc\u021bia bugetului de stat pe anul 2019 confirm\u0103 temerile repetate public de c\u0103tre asocia\u021biile civice ce lupt\u0103 pentru realizarea de infrastructur\u0103 mare \u00een regiune \u015fi anume c\u0103 este ignorat\u0103 cu des\u0103v\u00e2r\u0219ire o urgen\u021b\u0103 regional\u0103 \u0219i na\u021bional\u0103, respectiv Autostrada A8 Ungheni-Ia\u0219i-T\u00e2rgu Mure\u0219, pentru care \u00een bugetul pentru acest an au fost aloca\u0163i zero lei. \u201eMasterplanul General de Transport al Rom\u00e2niei (MPGTR) \u0219i Legea privind aprobarea obiectivului de investi\u0163ii Autostrada Unirii, Ia\u015fi-T\u00e2rgu Mure\u015f, ultima adoptat\u0103 la sf\u00e2r\u0219itul anului trecut \u00een urma unui lung \u0219ir de proteste publice, ac\u021biuni de strad\u0103 \u0219i presiuni ale societ\u0103\u021bii civile din Moldova, nu au contat absolut deloc \u00een structura bugetar\u0103 pentru anul \u00een curs. Guvernul D\u0103ncil\u0103-Dragnea-V\u00e2lcov a ales s\u0103 continue ap\u0103sat \u0219irul de gesturi sfid\u0103toare la adresa a peste patru milioane de rom\u00e2ni, locuitori ai regiunii, care consider\u0103 conexiunea urgent\u0103 cu Vestul ca fiind condi\u021bia esen\u021bial\u0103 pentru anularea subdezvolt\u0103rii. Lipsa aloc\u0103rii bugetare am\u00e2n\u0103 pe termen nedefinit sau chiar anuleaz\u0103 \u0219ansa Moldovei \u2013 o zon\u0103 cu rat\u0103 de emigrare de 25%, \u00een pericol major de colaps demografic \u2013\u00a0 de a-\u0219i reg\u0103si drumul spre bun\u0103stare\u201d, se arar\u0103 \u00eentr-un comunicat de pres\u0103 comun, semnat de reprezentan\u0163ii asocia\u021biilor civice\u00a0 Mi\u0219carea pentru Dezvoltarea Moldovei, \u00cempreun\u0103 pentru A8 \u0219i Moldova Vrea. Cele trei asocia\u021bii ce promoveaz\u0103 construirea de autostr\u0103zi \u00een Moldova protesteaz\u0103 \u00eempotriva actualei construc\u021bii bugetare \u0219i cere imperativ amendarea actualului proiect \u0219i alocarea resurselor financiare necesare pentru pornirea lucr\u0103rilor.<\/p>\n","protected":false},"excerpt":{"rendered":"<p>Construc\u021bia bugetului de stat pe anul 2019 confirm\u0103 temerile repetate public de c\u0103tre asocia\u021biile civice&#8230; <a class=\"meta-more\" href=\"https:\/\/infois.ro\/?p=39201\">more <span class=\"meta-nav\">&raquo;<\/span><\/a><\/p>\n","protected":false},"author":2,"featured_media":19325,"comment_status":"closed","ping_status":"closed","sticky":false,"template":"","format":"standard","meta":{"footnotes":""},"categories":[1,41],"tags":[74,2755,1553,40,3614,3112],"aioseo_notices":[],"_links":{"self":[{"href":"https:\/\/infois.ro\/index.php?rest_route=\/wp\/v2\/posts\/39201"}],"collection":[{"href":"https:\/\/infois.ro\/index.php?rest_route=\/wp\/v2\/posts"}],"about":[{"href":"https:\/\/infois.ro\/index.php?rest_route=\/wp\/v2\/types\/post"}],"author":[{"embeddable":true,"href":"https:\/\/infois.ro\/index.php?rest_route=\/wp\/v2\/users\/2"}],"replies":[{"embeddable":true,"href":"https:\/\/infois.ro\/index.php?rest_route=%2Fwp%2Fv2%2Fcomments&post=39201"}],"version-history":[{"count":1,"href":"https:\/\/infois.ro\/index.php?rest_route=\/wp\/v2\/posts\/39201\/revisions"}],"predecessor-version":[{"id":39202,"href":"https:\/\/infois.ro\/index.php?rest_route=\/wp\/v2\/posts\/39201\/revisions\/39202"}],"wp:featuredmedia":[{"embeddable":true,"href":"https:\/\/infois.ro\/index.php?rest_route=\/wp\/v2\/media\/19325"}],"wp:attachment":[{"href":"https:\/\/infois.ro\/index.php?rest_route=%2Fwp%2Fv2%2Fmedia&parent=39201"}],"wp:term":[{"taxonomy":"category","embeddable":true,"href":"https:\/\/infois.ro\/index.php?rest_route=%2Fwp%2Fv2%2Fcategories&post=39201"},{"taxonomy":"post_tag","embeddable":true,"href":"https:\/\/infois.ro\/index.php?rest_route=%2Fwp%2Fv2%2Ftags&post=39201"}],"curies":[{"name":"wp","href":"https:\/\/api.w.org\/{rel}","templated":true}]}}