{"id":39374,"date":"2019-02-12T09:28:44","date_gmt":"2019-02-12T07:28:44","guid":{"rendered":"http:\/\/infois.ro\/?p=39374"},"modified":"2019-02-12T09:28:44","modified_gmt":"2019-02-12T07:28:44","slug":"proiect-privind-facilitarea-accesului-tinerilor-pe-piata-muncii","status":"publish","type":"post","link":"https:\/\/infois.ro\/?p=39374","title":{"rendered":"Proiect privind facilitarea accesului tinerilor pe pia\u0163a muncii"},"content":{"rendered":"<p><a href=\"http:\/\/infois.ro\/wp-content\/uploads\/2018\/10\/invatamant-dual.jpg\"><img loading=\"lazy\" decoding=\"async\" class=\"alignleft  wp-image-36939\" src=\"http:\/\/infois.ro\/wp-content\/uploads\/2018\/10\/invatamant-dual.jpg\" alt=\"\" width=\"372\" height=\"249\" srcset=\"https:\/\/infois.ro\/wp-content\/uploads\/2018\/10\/invatamant-dual.jpg 640w, https:\/\/infois.ro\/wp-content\/uploads\/2018\/10\/invatamant-dual-300x201.jpg 300w\" sizes=\"(max-width: 372px) 100vw, 372px\" \/><\/a><\/p>\n<p style=\"text-align: justify;\">Asocia\u021bia Cre\u0219tin \u2013 Umanitar\u0103 \u201eSlujirea Vie\u021bii\u201d \u0219i partenerii s\u0103i &#8211; Colegiul Tehnic \u201cIoan C. \u0218tef\u0103nescu\u201d, Colegiul Tehnic \u201cMihail Sturdza\u201d, Liceul Tehnologic \u201eDimitrie Leonida\u201d, Liceul Tehnologic de Mecatronic\u0103 \u0219i Automatiz\u0103ri \u0219i Liceul Tehnologic \u201cPetru Poni\u201d &#8211; lanseaz\u0103 cea de-a patra etap\u0103 a proiectului \u201eTinerii de azi, liderii de m\u00e2ine\u201d, cofinan\u021bat de Prim\u0103ria Municipiului Ia\u0219i. Cu peste 6.000 de beneficiari direc\u021bi rezulta\u021bi din etapele anterioare de implementare, proiectul va continua \u00een anul 2019, av\u00e2nd ca scop facilitarea accesului pe pia\u021ba muncii pentru \u00eenc\u0103 o mie de tineri din cinci licee ie\u0219ene. Pe perioada derul\u0103rii activit\u0103\u021bilor, echipa de proiect va sus\u021bine \u00een cele cinci licee partenere 50 de sesiuni de informare \u00een cadrul c\u0103rora tinerii participan\u021bi vor \u00eenv\u0103\u021ba s\u0103 realizeze un CV \u0219i o scrisoare de inten\u021bie, vor afla care sunt pa\u0219ii de urmat \u00een c\u0103utarea unui loc de munc\u0103 \u0219i cum s\u0103 se prezinte la interviul de angajare, vor participa la t\u00e2rgurile de joburi organizate \u00een ora\u0219 unde vor avea posibilitatea s\u0103 se \u00eent\u00e2lneasc\u0103\u00a0 direct cu angajatorii. \u201eActivit\u0103\u021bile vor fi desf\u0103\u0219urate prin metode nonformale, pentru ca tinerii s\u0103 \u00ee\u0219i descopere poten\u021bialul personal \u00eentr-o manier\u0103 simpl\u0103, s\u0103 \u00ee\u0219i dezvolte abilit\u0103\u021bile organizatorice, s\u0103 fac\u0103 schimb de experien\u021b\u0103 \u0219i s\u0103 lucreze \u00een echip\u0103. Abilit\u0103\u021bile dezvoltate vor fi exersate \u00een cadrul sesiunilor de diseminare a rezultatelor proiectului \u0219i a conferin\u021bei de pres\u0103, activit\u0103\u021bi ce vor fi sus\u021binute\u00a0 de c\u0103tre tineri. Pas cu pas, beneficiarii de proiect vor contribui la construirea viitorului lor, pentru ca tinerii de ast\u0103zi s\u0103 fie liderii societ\u0103\u021bii de m\u00e2ine\u201d, precizeaz\u0103 ini\u0163iatorii proiectului, \u00eentr-un comunicat de pres\u0103.<\/p>\n","protected":false},"excerpt":{"rendered":"<p>Asocia\u021bia Cre\u0219tin \u2013 Umanitar\u0103 \u201eSlujirea Vie\u021bii\u201d \u0219i partenerii s\u0103i &#8211; Colegiul Tehnic \u201cIoan C. \u0218tef\u0103nescu\u201d,&#8230; <a class=\"meta-more\" href=\"https:\/\/infois.ro\/?p=39374\">more <span class=\"meta-nav\">&raquo;<\/span><\/a><\/p>\n","protected":false},"author":2,"featured_media":36939,"comment_status":"closed","ping_status":"closed","sticky":false,"template":"","format":"standard","meta":{"footnotes":""},"categories":[12,41],"tags":[74,40,579,3112,8701],"aioseo_notices":[],"_links":{"self":[{"href":"https:\/\/infois.ro\/index.php?rest_route=\/wp\/v2\/posts\/39374"}],"collection":[{"href":"https:\/\/infois.ro\/index.php?rest_route=\/wp\/v2\/posts"}],"about":[{"href":"https:\/\/infois.ro\/index.php?rest_route=\/wp\/v2\/types\/post"}],"author":[{"embeddable":true,"href":"https:\/\/infois.ro\/index.php?rest_route=\/wp\/v2\/users\/2"}],"replies":[{"embeddable":true,"href":"https:\/\/infois.ro\/index.php?rest_route=%2Fwp%2Fv2%2Fcomments&post=39374"}],"version-history":[{"count":1,"href":"https:\/\/infois.ro\/index.php?rest_route=\/wp\/v2\/posts\/39374\/revisions"}],"predecessor-version":[{"id":39375,"href":"https:\/\/infois.ro\/index.php?rest_route=\/wp\/v2\/posts\/39374\/revisions\/39375"}],"wp:featuredmedia":[{"embeddable":true,"href":"https:\/\/infois.ro\/index.php?rest_route=\/wp\/v2\/media\/36939"}],"wp:attachment":[{"href":"https:\/\/infois.ro\/index.php?rest_route=%2Fwp%2Fv2%2Fmedia&parent=39374"}],"wp:term":[{"taxonomy":"category","embeddable":true,"href":"https:\/\/infois.ro\/index.php?rest_route=%2Fwp%2Fv2%2Fcategories&post=39374"},{"taxonomy":"post_tag","embeddable":true,"href":"https:\/\/infois.ro\/index.php?rest_route=%2Fwp%2Fv2%2Ftags&post=39374"}],"curies":[{"name":"wp","href":"https:\/\/api.w.org\/{rel}","templated":true}]}}