{"id":39878,"date":"2019-03-09T06:47:21","date_gmt":"2019-03-09T04:47:21","guid":{"rendered":"http:\/\/infois.ro\/?p=39878"},"modified":"2019-03-09T06:47:21","modified_gmt":"2019-03-09T04:47:21","slug":"70-de-studenti-din-cadrul-uaic-vor-primi-abonamente-gratuite-la-bcu","status":"publish","type":"post","link":"https:\/\/infois.ro\/?p=39878","title":{"rendered":"70 de studen\u021bi din cadrul UAIC vor primi abonamente gratuite la BCU"},"content":{"rendered":"<p><a href=\"http:\/\/infois.ro\/wp-content\/uploads\/2019\/03\/intalnire-sala-senat.jpg\"><img loading=\"lazy\" decoding=\"async\" class=\"alignleft  wp-image-39879\" src=\"http:\/\/infois.ro\/wp-content\/uploads\/2019\/03\/intalnire-sala-senat.jpg\" alt=\"\" width=\"294\" height=\"196\" srcset=\"https:\/\/infois.ro\/wp-content\/uploads\/2019\/03\/intalnire-sala-senat.jpg 640w, https:\/\/infois.ro\/wp-content\/uploads\/2019\/03\/intalnire-sala-senat-300x200.jpg 300w\" sizes=\"(max-width: 294px) 100vw, 294px\" \/><\/a><\/p>\n<p style=\"text-align: justify;\">\u00cen cadrul unui parteneriat \u00eencheiat \u00eentre Centrul de \u00cenv\u0103\u021bare al Universit\u0103\u021bii \u201eAlexandru Ioan Cuza\u201d (UAIC) \u0219i Biblioteca Central\u0103 Universitar\u0103 (BCU) \u201eMihai Eminescu&#8221;, 70 de studen\u021bi cu posibilit\u0103\u021bi materiale reduse, dar cu rezultate universitare foarte bune, de la toate cele 15 facult\u0103\u021bi, vor primi permise de bibliotec\u0103 gratuite. M\u0103sura a fost stabilit\u0103 \u00een urma \u00eent\u00e2lnirii care a avut loc vineri, 8 martie, \u00een Sala Senatului UAIC, \u00eentre studen\u021bii beneficiari \u0219i conducerile UAIC \u0219i BCU, eveniment la care au participat prof. univ. dr. Mihaela Onofrei, ordonator de credite al UAIC, conf. univ. dr. Ioan Milic\u0103, director general al BCU, lect. dr. Bogdan Constantin Neculau, coordonatorul Centrului de \u00eenv\u0103\u021bare al UAIC, Ioana Gafton, coordonator activit\u0103\u021bi la unitatea central\u0103 a BCU \u0219i Ivona Olariu, coordonator activit\u0103\u021bi filiale BCU. \u201eProiectul este oportun \u0219i bine primit de c\u0103tre studen\u021bi. Ne dorim s\u0103 continue \u0219i, din ce am discutat cu domnul profesor Milic\u0103, directorul BCU, cu domnul profesor Neculau, coordonatorul Centrului de \u00cenv\u0103\u021bare, ini\u021biativa se va permanentiza. Mai mult, \u00een urma acestei colabor\u0103ri foarte bune, vor fi dezvoltate \u0219i alte tipuri de activit\u0103\u021bi. Mul\u021bumesc pentru eforturile f\u0103cute \u00een beneficiul studen\u021bilor care vor deveni cititori fideli ai BCU, contribuind \u0219i \u00een acest fel la ceea ce ne dorim cu to\u021bii, cre\u0219terea performan\u021bei universitare\u201d, a declarat, la finalul \u00eent\u00e2lnirii, prof. univ. dr. Mihaela Onofrei, ordonator de credite al UAIC \u201e\u00cen simbioz\u0103 cu Universitatea \u201eAlexandru Ioan Cuza\u201d, Biblioteca Central\u0103 Universitar\u0103 \u201eMihai Eminescu\u201d sprijin\u0103 activit\u0103\u021bile organizate la noul Centru de \u00cenv\u0103\u021bare. Consider c\u0103 \u00eencurajarea studen\u021bilor motiva\u021bi s\u0103 dob\u00e2ndeasc\u0103 cuno\u0219tin\u021be \u0219i aptitudini utile \u00een asigurarea succesului profesional \u0219i \u00een dezvoltarea armonioas\u0103 a personalit\u0103\u021bii constituie o responsabilitate onorant\u0103 pentru orice bibliotecar. La \u00eenceput de prim\u0103var\u0103, ne bucur\u0103m s\u0103 \u00eemp\u0103rt\u0103\u0219im cu proaspe\u021bii no\u0219tri cititori resursele de care dispunem \u0219i ne p\u0103str\u0103m \u00eencrederea c\u0103 frecventarea bibliotecii le va fi de folos\u201d, a afirmat, la r\u00e2ndul s\u0103u, conf. univ. dr. Ioan Milic\u0103, director general al BCU \u201eChiar dac\u0103 societatea \u00een care tr\u0103im este caracterizat\u0103 de o evolu\u021bie tehnologic\u0103 f\u0103r\u0103 precedent, put\u00e2nd vorbi chiar de un soi de dependen\u021b\u0103 \u00een raport cu mijloacele moderne de informare \u0219i chiar de comunicare, raportare la cel\u0103lalt, chiar dac\u0103 accentul se pune pe \u00eenv\u0103\u021bare experen\u021bial\u0103, pe formarea de abilit\u0103\u0163i, capacit\u0103\u0163i \u0219i competen\u0163e, nu po\u021bi fi un om complex al societ\u0103\u021bii de ast\u0103zi \u00een afara lumii c\u0103r\u021bilor. Cartea scris\u0103 ofer\u0103 o tr\u0103ire aparte, o concentrare mai profund\u0103, o p\u0103trundere aparte \u00een lumea care \u00ee\u021bi este prezentat\u0103. \u00centotdeauna o bibliotec\u0103 a \u00eenfrumuse\u021bat \u0219i sufletul, dar \u0219i spa\u021biul. Lectura \u00ee\u021bi dezvolt\u0103 capacit\u0103\u021bi de analiz\u0103 \u0219i selec\u021bie valoric\u0103, de g\u00e2ndire logic\u0103 \u0219i critic\u0103, poten\u021beaz\u0103 apetitul pentru a citi mai mult (chiar un fel de dependen\u021b\u0103, benefic\u0103, de aceast\u0103 dat\u0103). Avem \u0219i la Centru o bibliotec\u0103 care se dezvolt\u0103 pe zi ce trece ca num\u0103r de volume \u0219i am sesizat interesul studen\u021bilor pentru cartea scris\u0103\u201d, a spus, \u00een acela\u015fi context, lect. dr. Bogdan Constantin NECULAU, coordonator Centrul de \u00eenv\u0103\u021bare al UAIC \u201eM\u0103 bucur c\u0103 sunt unul dintre beneficiarii acestui proiect, mai ales \u00een contextul \u00een care constat c\u0103 tehnologia tinde s\u0103 suprime lectura \u0219i pl\u0103cerea de a citi. \u00cencurajez to\u021bi studen\u021bii s\u0103 frecventeze Centrul de \u00eenv\u0103\u021bare, pentru c\u0103 acolo vor g\u0103si speciali\u0219ti \u0219i colegi dispu\u0219i s\u0103 \u00eei ajute s\u0103 devin\u0103 mai buni\u201d, a declarat Monica Georgiana Mustea\u021b\u0103, student\u0103 la Facultate de Chimie, anul al doilea. Cei 70 de beneficiari ai abonamentelor de bibliotec\u0103 gratuite sunt studen\u021bi de la toate cele 15 facult\u0103\u021bi ale UAIC. Fiecare facultate a propus \u00eentre cinci \u015fi \u015fapte studen\u021bi, iar selec\u021bia final\u0103 s-a realizat \u00een func\u021bie de trei criterii: posibilit\u0103\u021bile materiale, performan\u021ba universitar\u0103 \u0219i implicarea \u00een activit\u0103\u021bile Centrului de \u00eenv\u0103\u021bare al UAIC. Reprezentan\u021bii BCU Ia\u0219i au precizat \u00een cadrul \u00eent\u00e2lnirii c\u0103 studen\u021bii beneficiari ai proiectului se pot \u00eenregistra pentru ob\u021binerea abonamentului \u00eencep\u00e2nd cu ziua de 8 martie, acces\u00e2nd site-ul <a href=\"http:\/\/www.bcu-iasi.ro\/\">www.bcu-iasi.ro<\/a>.<\/p>\n","protected":false},"excerpt":{"rendered":"<p>\u00cen cadrul unui parteneriat \u00eencheiat \u00eentre Centrul de \u00cenv\u0103\u021bare al Universit\u0103\u021bii \u201eAlexandru Ioan Cuza\u201d (UAIC)&#8230; <a class=\"meta-more\" href=\"https:\/\/infois.ro\/?p=39878\">more <span class=\"meta-nav\">&raquo;<\/span><\/a><\/p>\n","protected":false},"author":2,"featured_media":39879,"comment_status":"closed","ping_status":"closed","sticky":false,"template":"","format":"standard","meta":{"footnotes":""},"categories":[12,41],"tags":[8082,74,2851,3195,40,928],"aioseo_notices":[],"_links":{"self":[{"href":"https:\/\/infois.ro\/index.php?rest_route=\/wp\/v2\/posts\/39878"}],"collection":[{"href":"https:\/\/infois.ro\/index.php?rest_route=\/wp\/v2\/posts"}],"about":[{"href":"https:\/\/infois.ro\/index.php?rest_route=\/wp\/v2\/types\/post"}],"author":[{"embeddable":true,"href":"https:\/\/infois.ro\/index.php?rest_route=\/wp\/v2\/users\/2"}],"replies":[{"embeddable":true,"href":"https:\/\/infois.ro\/index.php?rest_route=%2Fwp%2Fv2%2Fcomments&post=39878"}],"version-history":[{"count":1,"href":"https:\/\/infois.ro\/index.php?rest_route=\/wp\/v2\/posts\/39878\/revisions"}],"predecessor-version":[{"id":39880,"href":"https:\/\/infois.ro\/index.php?rest_route=\/wp\/v2\/posts\/39878\/revisions\/39880"}],"wp:featuredmedia":[{"embeddable":true,"href":"https:\/\/infois.ro\/index.php?rest_route=\/wp\/v2\/media\/39879"}],"wp:attachment":[{"href":"https:\/\/infois.ro\/index.php?rest_route=%2Fwp%2Fv2%2Fmedia&parent=39878"}],"wp:term":[{"taxonomy":"category","embeddable":true,"href":"https:\/\/infois.ro\/index.php?rest_route=%2Fwp%2Fv2%2Fcategories&post=39878"},{"taxonomy":"post_tag","embeddable":true,"href":"https:\/\/infois.ro\/index.php?rest_route=%2Fwp%2Fv2%2Ftags&post=39878"}],"curies":[{"name":"wp","href":"https:\/\/api.w.org\/{rel}","templated":true}]}}