{"id":40116,"date":"2019-03-21T09:05:01","date_gmt":"2019-03-21T07:05:01","guid":{"rendered":"http:\/\/infois.ro\/?p=40116"},"modified":"2019-03-21T09:05:01","modified_gmt":"2019-03-21T07:05:01","slug":"1-125-de-elevi-cu-situatie-materiala-precara-beneficiari-ai-scolilor-de-vara-organizate-de-uaic","status":"publish","type":"post","link":"https:\/\/infois.ro\/?p=40116","title":{"rendered":"1.125 de elevi cu situa\u0163ie material\u0103 precar\u0103, beneficiari ai \u015fcolilor de var\u0103 organizate de UAIC"},"content":{"rendered":"<p><a href=\"http:\/\/infois.ro\/wp-content\/uploads\/2017\/06\/scoala-de-vara-uaic.jpg\"><img loading=\"lazy\" decoding=\"async\" class=\"alignleft  wp-image-29496\" src=\"http:\/\/infois.ro\/wp-content\/uploads\/2017\/06\/scoala-de-vara-uaic.jpg\" alt=\"\" width=\"373\" height=\"248\" srcset=\"https:\/\/infois.ro\/wp-content\/uploads\/2017\/06\/scoala-de-vara-uaic.jpg 640w, https:\/\/infois.ro\/wp-content\/uploads\/2017\/06\/scoala-de-vara-uaic-300x200.jpg 300w\" sizes=\"(max-width: 373px) 100vw, 373px\" \/><\/a><\/p>\n<p style=\"text-align: justify;\">Universitatea \u201eAlexandru Ioan Cuza\u201d din Ia\u0219i (UAIC) a c\u00e2\u0219tigat toate cele opt sub-proiecte propuse \u00een cadrul rundei a II-a de aplica\u021bii pentru Schema de granturi competitive pentru universit\u0103\u021bi &#8211; Programe de var\u0103 finan\u021bate din Proiectul privind \u00cenv\u0103\u021b\u0103m\u00e2ntul Secundar (ROSE). Bugetul total ob\u021binut prin cele opt sub-proiecte c\u00e2\u0219tigate prin competi\u021bie la nivel na\u021bional este de 3.277.431 lei, anun\u0163\u0103, \u00eentr-un comunicat, Biroul de pres\u0103 al UAIC. Unitatea de Management a Proiectelor cu Finan\u021bare Extern\u0103 din cadrul Ministerului Educa\u021biei Na\u021bionale a publicat mar\u021bi, 19 martie, lista final\u0103 a rezultatelor evalu\u0103rii propunerilor de sub-proiecte depuse (http:\/\/proiecte.pmu.ro\/web\/guest\/rose\/informatii). Rezultatul situeaz\u0103 UAIC pe primul loc la nivel na\u021bional at\u00e2t \u00een ceea ce prive\u0219te num\u0103rul de sub-proiecte depuse \u0219i c\u00e2\u0219tigate, c\u00e2t \u0219i punctajele ob\u021binute. \u201eSub-proiectele de tip punte vor fi finan\u021bate integral de Banca Interna\u021bional\u0103 de Reconstruc\u021bie \u0219i Dezvoltare (Banca Mondial\u0103) \u0219i au ca scop desf\u0103\u0219urarea de cursuri \u0219i alte activit\u0103\u021bi relevante destinate elevilor de liceu, cu prec\u0103dere celor dezavantaja\u021bi social, pentru \u00eencurajarea finaliz\u0103rii studiilor liceale \u0219i facilitarea continu\u0103rii educa\u021biei la nivel ter\u021biar\u201d, afirm\u0103 reprezentan\u0163ii institu\u0163iei ie\u015fene de \u00eenv\u0103\u0163\u0103m\u00e2nt superior. Cele opt \u00a0sub-proiecte depuse \u0219i c\u00e2\u0219tigate de UAIC sunt:<\/p>\n<ul style=\"text-align: justify;\">\n<li>\u201eVreau s\u0103 fiu student la Litere! &#8211; \u015ecoal\u0103 de var\u0103 pentru elevi\u2013LiteratIS\u201d (Facultatea de Litere)<\/li>\n<li>\u201eVacan\u021b\u0103 juridic\u0103 DREPT \u00een Ia\u0219i &#8211; Drept \u00een Ia\u0219i!\u201d (Facultatea de Drept)<\/li>\n<li>\u201e\u015ecoal\u0103 de var\u0103 pentru Economi\u0219ti\u2013EconomIS\u201d (Facultatea de Economie \u0219i Administrarea Afacerilor)<\/li>\n<li>\u201eDescoperim P\u0103m\u00e2ntul spre culmile cunoa\u015fterii! GEO-GEO\u201d (Facultatea de Geografie \u0219i Geologie)<\/li>\n<li>\u201eExperien\u021b\u0103 universitar\u0103 timpurie pentru elevii afla\u021bi \u00een situa\u021bii de risc: program-punte \u00een domeniile Educa\u021bie Fizic\u0103 \u015fi Sport \u015fi Teologie Romano Catolic\u0103\u2013 TEOSPOR\u201d (Facult\u0103\u021bile de Educa\u021bie Fizic\u0103 \u0219i Sport \u0219i Teologie Romano-Catolic\u0103)<\/li>\n<li>\u201e\u015ecoal\u0103 de var\u0103 pentru \u015etiin\u021be: program punte pentru tranzi\u021bia de la liceu la universitate \u2013 Vara \u015etiin\u021belor\u201d (Facult\u0103\u021bile de Biologie \u0219i Chimie)<\/li>\n<li>\u201e\u015ecoala de var\u0103 \u00een domeniul Teologiei Ortodoxe \u015fi Istoriei pentru \u00eembun\u0103t\u0103\u021birea oportunit\u0103\u021bilor de participare la \u00eenv\u0103\u021b\u0103m\u00e2ntul universitar a elevilor cu risc de abandon \u2013 TEOIST\u201d (Facult\u0103\u021bile de Teologie Ortodox\u0103 \u0219i Istorie)<\/li>\n<li>\u201eDe-ale viitorului: informatic\u0103 \u0219i matematic\u0103\u2013 INFORMAT\u201d (Facult\u0103\u021bile de Informatic\u0103 \u0219i Matematic\u0103)<\/li>\n<\/ul>\n<p style=\"text-align: justify;\">\n<p style=\"text-align: justify;\">Sub-proiectele au fost elaborate de c\u00e2te un reprezentant al fiec\u0103rei facult\u0103\u021bi intrate \u00een competi\u021bie, cu sprijinul logistic al membrilor Biroului Proiecte de Dezvoltare din cadrul Universit\u0103\u021bii \u201eAlexandru Ioan Cuza\u201d din Ia\u0219i. Beneficiarii sunt 1.125 de elevi, ce vor participa la ateliere de lucru, vizite de studiu, competi\u021bii sportive, evenimente culturale, activit\u0103\u021bi legate de via\u021ba universitar\u0103 \u0219i domeniile de studiu ale facult\u0103\u021bilor implicate, pe o durat\u0103 de 36 de luni.<\/p>\n","protected":false},"excerpt":{"rendered":"<p>Universitatea \u201eAlexandru Ioan Cuza\u201d din Ia\u0219i (UAIC) a c\u00e2\u0219tigat toate cele opt sub-proiecte propuse \u00een&#8230; <a class=\"meta-more\" href=\"https:\/\/infois.ro\/?p=40116\">more <span class=\"meta-nav\">&raquo;<\/span><\/a><\/p>\n","protected":false},"author":2,"featured_media":29496,"comment_status":"closed","ping_status":"closed","sticky":false,"template":"","format":"standard","meta":{"footnotes":""},"categories":[12,41],"tags":[74,40,3112,2810,2334,6648],"aioseo_notices":[],"_links":{"self":[{"href":"https:\/\/infois.ro\/index.php?rest_route=\/wp\/v2\/posts\/40116"}],"collection":[{"href":"https:\/\/infois.ro\/index.php?rest_route=\/wp\/v2\/posts"}],"about":[{"href":"https:\/\/infois.ro\/index.php?rest_route=\/wp\/v2\/types\/post"}],"author":[{"embeddable":true,"href":"https:\/\/infois.ro\/index.php?rest_route=\/wp\/v2\/users\/2"}],"replies":[{"embeddable":true,"href":"https:\/\/infois.ro\/index.php?rest_route=%2Fwp%2Fv2%2Fcomments&post=40116"}],"version-history":[{"count":1,"href":"https:\/\/infois.ro\/index.php?rest_route=\/wp\/v2\/posts\/40116\/revisions"}],"predecessor-version":[{"id":40117,"href":"https:\/\/infois.ro\/index.php?rest_route=\/wp\/v2\/posts\/40116\/revisions\/40117"}],"wp:featuredmedia":[{"embeddable":true,"href":"https:\/\/infois.ro\/index.php?rest_route=\/wp\/v2\/media\/29496"}],"wp:attachment":[{"href":"https:\/\/infois.ro\/index.php?rest_route=%2Fwp%2Fv2%2Fmedia&parent=40116"}],"wp:term":[{"taxonomy":"category","embeddable":true,"href":"https:\/\/infois.ro\/index.php?rest_route=%2Fwp%2Fv2%2Fcategories&post=40116"},{"taxonomy":"post_tag","embeddable":true,"href":"https:\/\/infois.ro\/index.php?rest_route=%2Fwp%2Fv2%2Ftags&post=40116"}],"curies":[{"name":"wp","href":"https:\/\/api.w.org\/{rel}","templated":true}]}}