{"id":4014,"date":"2013-02-08T16:50:25","date_gmt":"2013-02-08T14:50:25","guid":{"rendered":"http:\/\/infois.ro\/?p=4014"},"modified":"2013-02-08T16:50:25","modified_gmt":"2013-02-08T14:50:25","slug":"modificari-urbanistice-in-zona-pasajului-subteran-mihai-eminescu","status":"publish","type":"post","link":"https:\/\/infois.ro\/?p=4014","title":{"rendered":"Modific\u0103ri urbanistice \u00een zona pasajului subteran \u201dMihai Eminescu\u201d"},"content":{"rendered":"<p style=\"text-align: justify;\"><a class=\"highslide\" onclick=\"return vz.expand(this)\" href=\"http:\/\/infois.ro\/wp-content\/uploads\/2013\/02\/chioscuri-independentei.jpg\"><img loading=\"lazy\" decoding=\"async\" class=\"alignleft size-large wp-image-4015\" title=\"chioscuri independentei\" src=\"http:\/\/infois.ro\/wp-content\/uploads\/cache\/2013\/02\/chioscuri-independentei\/2142506469.jpg\" alt=\"\" width=\"640\" height=\"407\" \/><\/a><\/p>\n<p style=\"text-align: justify;\">Spa\u0163iile comerciale de la intrarea \u00een rondul din Pia\u021ba \u201dMihai Eminescu\u201d, de la fosta sta\u0163ie de autobuz, vor fi desfiin\u0163ate, pe acolo urm\u00e2nd a fi realizat accesul \u00een pasajul subteran. Totodat\u0103, pe sensul de mers dinspre Bulevardul Independen\u0163ei spre Copou va mai ap\u0103rea o band\u0103 de circula\u021bie a autovehiculelor. Acestea sunt o parte dintre modific\u0103rile pe care municipalitatea le are \u00een vedere pentru continuarea lucr\u0103rilor la pasajul subteran din Pia\u021ba \u201dMihai Eminescu\u201d. Dup\u0103 cum au declarat reprezentan\u021bii Prim\u0103riei, construc\u0163ia metalic\u0103 aflat\u0103 vizavi de fostul sediu Romtelecom va fi demolat\u0103. Cl\u0103direa, aflat\u0103 \u00een dreptul accesului \u00een viitorul pasaj subteran Mihai Eminescu, ad\u0103poste\u015fte un magazin alimentar, o libr\u0103rie, un magazin cu produse naturiste, dar \u015fi o pesc\u0103rie. De asemenea, nunicipalitatea va trece la desfiin\u0163area chio\u015fcurilor de pe bulevardul Independen\u0163ei, agen\u0163ii economici care \u00ee\u015fi desf\u0103\u015foar\u0103 legal aici activitatea urm\u00e2nd s\u0103 fie reloca\u0163i. Prim\u0103ria vrea s\u0103 desfiin\u0163eze chio\u015fcul pentru a l\u0103rgi trotuarul \u015fi pentru a amenaja pista de bicicli\u015fti. Un motiv \u00een plus pentru desfiin\u0163are e acela c\u0103 respectiva construc\u0163ie nu \u00ee\u015fi mai g\u0103se\u015fte utilitatea, deoarece aceasta era legat\u0103 de sta\u0163ia de transport \u00een comun, sta\u0163ie ce a fost desfiin\u0163at\u0103. \u00cen plus, bulevardul va mai fi l\u0103rgit cu \u00eenc\u0103 o band\u0103 de circula\u0163ie pe direc\u0163ia dinspre Independen\u0163ei spre Copou. \u201ePentru construc\u0163ia metalic\u0103 de l\u00e2ng\u0103 intrarea \u00een pasaj vom c\u0103uta solu\u0163ii s\u0103 o reloc\u0103m sau s\u0103 o desfiin\u0163\u0103m, s\u0103 vedem care e situa\u0163ia juridic\u0103 a ei, astfel \u00eenc\u00e2t s\u0103 l\u0103s\u0103m trotuarul liber, s\u0103 realiz\u0103m \u015fi o pist\u0103 de bicicli\u015fti. Totodat\u0103, nu-\u015fi mai g\u0103se\u015fte utilitatea, pentru c\u0103 era legat\u0103 de sta\u0163ia de transport \u00een comun, care nu va mai fi niciodat\u0103 acolo, pentru c\u0103 este accesul \u00een pasajul subteran\u201d, a declarat Mihai Chirica, viceprimarul municipiului Ia\u015fi. Potrivit acestuia, reamenajarea acelei zone face parte din planul mare de modernizare a infrastructurii rutiere \u015fi pietonale din centru. Demarat anul trecut, proiectul presupune reabilitarea \u015fi modernizarea a patru artere importante ce traverseaz\u0103 Ia\u015ful: \u015fos. P\u0103curari, str. P\u0103curari, bulevardul Independen\u0163ei \u015fi str. Elena Doamna. Cel mai spectaculos element al acestui proiect este \u00eens\u0103 pasajul rutier subteran din Pia\u0163a Eminescu. S\u0103p\u0103turile pentru rampele de acces \u00een pasaj s-au f\u0103cut tot anul trecut \u015fi \u00eentreaga construc\u0163ie se afl\u0103 \u00een acest moment \u00eentr-un stadiu de finalizare de aproape 50%. Devierea re\u0163elelor de utilit\u0103\u0163i care str\u0103b\u0103teau pia\u0163a a fost finalizat\u0103 complet. Lucr\u0103rile au fost reluate de cur\u00e2nd \u015fi se vor desf\u0103\u015fura \u015fi \u00een func\u0163ie de evolu\u0163ia st\u0103rii vremii. \u00cen total, acest proiect beneficiaz\u0103 de o finan\u0163are european\u0103 de 91 milioane lei.<\/p>\n","protected":false},"excerpt":{"rendered":"<p>Spa\u0163iile comerciale de la intrarea \u00een rondul din Pia\u021ba \u201dMihai Eminescu\u201d, de la fosta sta\u0163ie&#8230; <a class=\"meta-more\" href=\"https:\/\/infois.ro\/?p=4014\">more <span class=\"meta-nav\">&raquo;<\/span><\/a><\/p>\n","protected":false},"author":2,"featured_media":4015,"comment_status":"open","ping_status":"closed","sticky":false,"template":"","format":"standard","meta":{"footnotes":""},"categories":[1,41],"tags":[74,1682,387,746,296],"aioseo_notices":[],"_links":{"self":[{"href":"https:\/\/infois.ro\/index.php?rest_route=\/wp\/v2\/posts\/4014"}],"collection":[{"href":"https:\/\/infois.ro\/index.php?rest_route=\/wp\/v2\/posts"}],"about":[{"href":"https:\/\/infois.ro\/index.php?rest_route=\/wp\/v2\/types\/post"}],"author":[{"embeddable":true,"href":"https:\/\/infois.ro\/index.php?rest_route=\/wp\/v2\/users\/2"}],"replies":[{"embeddable":true,"href":"https:\/\/infois.ro\/index.php?rest_route=%2Fwp%2Fv2%2Fcomments&post=4014"}],"version-history":[{"count":1,"href":"https:\/\/infois.ro\/index.php?rest_route=\/wp\/v2\/posts\/4014\/revisions"}],"predecessor-version":[{"id":4016,"href":"https:\/\/infois.ro\/index.php?rest_route=\/wp\/v2\/posts\/4014\/revisions\/4016"}],"wp:featuredmedia":[{"embeddable":true,"href":"https:\/\/infois.ro\/index.php?rest_route=\/wp\/v2\/media\/4015"}],"wp:attachment":[{"href":"https:\/\/infois.ro\/index.php?rest_route=%2Fwp%2Fv2%2Fmedia&parent=4014"}],"wp:term":[{"taxonomy":"category","embeddable":true,"href":"https:\/\/infois.ro\/index.php?rest_route=%2Fwp%2Fv2%2Fcategories&post=4014"},{"taxonomy":"post_tag","embeddable":true,"href":"https:\/\/infois.ro\/index.php?rest_route=%2Fwp%2Fv2%2Ftags&post=4014"}],"curies":[{"name":"wp","href":"https:\/\/api.w.org\/{rel}","templated":true}]}}