{"id":40158,"date":"2019-03-22T11:07:14","date_gmt":"2019-03-22T09:07:14","guid":{"rendered":"http:\/\/infois.ro\/?p=40158"},"modified":"2019-03-22T11:07:14","modified_gmt":"2019-03-22T09:07:14","slug":"gradinite-construite-cu-fonduri-europene-la-iasi","status":"publish","type":"post","link":"https:\/\/infois.ro\/?p=40158","title":{"rendered":"Gr\u0103dini\u0163e construite cu fonduri europene la Ia\u015fi"},"content":{"rendered":"<p><a href=\"http:\/\/infois.ro\/wp-content\/uploads\/2016\/08\/gradinita1.jpg\"><img loading=\"lazy\" decoding=\"async\" class=\"alignleft  wp-image-24917\" src=\"http:\/\/infois.ro\/wp-content\/uploads\/2016\/08\/gradinita1.jpg\" alt=\"\" width=\"345\" height=\"259\" srcset=\"https:\/\/infois.ro\/wp-content\/uploads\/2016\/08\/gradinita1.jpg 640w, https:\/\/infois.ro\/wp-content\/uploads\/2016\/08\/gradinita1-300x225.jpg 300w\" sizes=\"(max-width: 345px) 100vw, 345px\" \/><\/a><\/p>\n<p style=\"text-align: justify;\">\u00cen perioada urm\u0103toare, \u00een municipiul Ia\u015fi vor fi construite mai multe gr\u0103dini\u0163e, prin intermediul unor proiecte cu finan\u0163are european\u0103. \u00centruni\u0163i \u00een \u015fedin\u0163\u0103 extraordinar\u0103, ale\u015fii locali au aprobat joi , cu unanimitate de voturi, studiul de fezabilitate, indicatorii tehnico-economici, proiectul tehnic de execu\u021bie, precum \u0219i bugetul aferent proiectului privind construirea \u00a0unei gr\u0103dini\u021be \u00een zona Bucium. Investi\u021bia \u00ee\u0219i propune construirea unui corp de cl\u0103dire P+, aferent gr\u0103dini\u021bei cu program prelungit din cartierul Bucium, cu o suprafa\u021b\u0103 construit\u0103 desf\u0103\u0219urat\u0103 de 1.645 mp. \u201eLucr\u0103rile vor consta \u00een construirea \u0219i echiparea gr\u0103dini\u021bei cu nou\u0103 grupe la program prelungit, la care se va ad\u0103uga construirea \u0219i amenajarea locului de joac\u0103 pentru copii aferent unit\u0103\u021bii de \u00eenv\u0103\u021b\u0103m\u00e2nt pre\u0219colar\u201d, se arat\u0103 \u00een nota de fundamentare care a \u00eenso\u0163it proiectul de hot\u0103r\u00e2re. Valoarea total\u0103 a proiectului este estimat\u0103 la suma de 5.972.256,22 lei, contribu\u021bia proprie a municipiului Ia\u0219i reprezent\u00e2nd achitarea tuturor cheltuielilor eligibile ale proiectului, c\u00e2t \u0219i contribu\u021bia de 2% din valoarea eligibil\u0103 a proiectului, este \u00een cuantum de 119.445,13 lei inclusiv TVA. Durata de implementarea a proiectului este de 36 de luni, din care 30 de luni reprezint\u0103 durata de execu\u021bie a lucr\u0103rilor. Un alt proiect de hot\u0103r\u00e2re aprobat, de asemenea, cu unanimitate de voturi, de c\u0103tre consilieri vizeaz\u0103 studiul de fezabilitate, indicatorii tehnico-economici, proiectul tehnic de execu\u021bie, precum \u0219i bugetul aferent pentru construc\u021bia unei gr\u0103dini\u021be \u00een zona Dacia. Investi\u021bia const\u0103 \u00een construirea unui corp de cl\u0103dire P+E aferent gr\u0103dini\u021bei cu program prelungit din cartierul Dacia, cu o suprafa\u021b\u0103 construit\u0103 desf\u0103\u0219urat\u0103 de 2.375 mp. De asemenea, proiectul include echiparea func\u021bionalului \u0219colar \u0219i amenajarea unui spa\u021biu de joac\u0103 pentru copii. Valoarea total\u0103 a proiectului este estimat\u0103 la 7.957.711,43 lei, iar contribu\u021bia proprie a municipiului Ia\u0219i, reprezent\u00e2nd achitarea tuturor cheltuielilor eligibile ale proiectului-c\u00e2t \u0219i contribu\u021bia de 2% din valoarea eligibil\u0103 a proiectului, este \u00een cuantum de 159.154,23 lei inclusiv TVA. Durata de implementarea a proiectului este de 36 de luni, din care 30 de luni reprezint\u0103 durata de execu\u021bie a lucr\u0103rilor. Pe ordinea de zi a \u0219edin\u021bei extraordinare de joi a Consiliului Local s-a aflat \u0219i proiectul de hot\u0103r\u00e2re privind aprobarea proiectului care are ca scop reabilitarea \u0219i modernizarea Gr\u0103dini\u021bei cu Program Prelungit (GPP) nr.13 din municipiul Ia\u0219i, documenta\u021bia de avizare a lucr\u0103rilor de interven\u021bii, indicatorii tehnico-economici, precum \u0219i a bugetul aferent proiectului pentru corpul func\u021bional al gr\u0103dini\u021bei. Valoarea total\u0103 a proiectului este estimat\u0103 la 5.830.917,69 lei, iar contribu\u021bia proprie a municipiului Ia\u0219i, reprezent\u00e2nd achitarea tuturor cheltuielilor eligibile ale proiectului-c\u00e2t \u0219i contribu\u021bia de 2% din valoarea eligibil\u0103 a proiectului, este \u00een cuantum de 116.618,36 lei inclusiv TVA. Investi\u021bia va consta \u00een reabilitarea corpului de cl\u0103dire P+1E, corpul func\u021bional al gr\u0103dini\u021bei cu program prelungit nr.13 din cartierul T\u0103t\u0103ra\u0219i. Primarul Mihai Chirica a anun\u0163at \u00een cadrul \u015fedin\u0163ei extraordinare a Consiliului Local c\u0103 municipalitatea va continua programul de construc\u0163ie de gr\u0103dini\u0163e \u00een cartiere, din fonduri europene sau de la bugetul de stat, primele vizate fiind zonale Copou, Nicolina \u015fi T\u0103t\u0103ra\u015fi.<\/p>\n","protected":false},"excerpt":{"rendered":"<p>\u00cen perioada urm\u0103toare, \u00een municipiul Ia\u015fi vor fi construite mai multe gr\u0103dini\u0163e, prin intermediul unor&#8230; <a class=\"meta-more\" href=\"https:\/\/infois.ro\/?p=40158\">more <span class=\"meta-nav\">&raquo;<\/span><\/a><\/p>\n","protected":false},"author":2,"featured_media":24917,"comment_status":"closed","ping_status":"closed","sticky":false,"template":"","format":"standard","meta":{"footnotes":""},"categories":[12,41],"tags":[74,395,3246,40,3112],"aioseo_notices":[],"_links":{"self":[{"href":"https:\/\/infois.ro\/index.php?rest_route=\/wp\/v2\/posts\/40158"}],"collection":[{"href":"https:\/\/infois.ro\/index.php?rest_route=\/wp\/v2\/posts"}],"about":[{"href":"https:\/\/infois.ro\/index.php?rest_route=\/wp\/v2\/types\/post"}],"author":[{"embeddable":true,"href":"https:\/\/infois.ro\/index.php?rest_route=\/wp\/v2\/users\/2"}],"replies":[{"embeddable":true,"href":"https:\/\/infois.ro\/index.php?rest_route=%2Fwp%2Fv2%2Fcomments&post=40158"}],"version-history":[{"count":1,"href":"https:\/\/infois.ro\/index.php?rest_route=\/wp\/v2\/posts\/40158\/revisions"}],"predecessor-version":[{"id":40159,"href":"https:\/\/infois.ro\/index.php?rest_route=\/wp\/v2\/posts\/40158\/revisions\/40159"}],"wp:featuredmedia":[{"embeddable":true,"href":"https:\/\/infois.ro\/index.php?rest_route=\/wp\/v2\/media\/24917"}],"wp:attachment":[{"href":"https:\/\/infois.ro\/index.php?rest_route=%2Fwp%2Fv2%2Fmedia&parent=40158"}],"wp:term":[{"taxonomy":"category","embeddable":true,"href":"https:\/\/infois.ro\/index.php?rest_route=%2Fwp%2Fv2%2Fcategories&post=40158"},{"taxonomy":"post_tag","embeddable":true,"href":"https:\/\/infois.ro\/index.php?rest_route=%2Fwp%2Fv2%2Ftags&post=40158"}],"curies":[{"name":"wp","href":"https:\/\/api.w.org\/{rel}","templated":true}]}}