{"id":40202,"date":"2019-03-23T06:54:57","date_gmt":"2019-03-23T04:54:57","guid":{"rendered":"http:\/\/infois.ro\/?p=40202"},"modified":"2019-03-24T06:57:28","modified_gmt":"2019-03-24T04:57:28","slug":"proiectul-apa-sufletul-pamantului-la-scoala-gimnaziala-ionel-teodoreanu","status":"publish","type":"post","link":"https:\/\/infois.ro\/?p=40202","title":{"rendered":"Proiectul &#8220;Apa \u2013 Sufletul P\u0103m\u00e2ntului&#8221;, la \u0218coala Gimnazial\u0103 \u201eIonel Teodoreanu\u201d"},"content":{"rendered":"<p><a href=\"http:\/\/infois.ro\/wp-content\/uploads\/2018\/05\/scoala-ionel-teodoreanu.jpg\"><img loading=\"lazy\" decoding=\"async\" class=\"alignleft  wp-image-34465\" src=\"http:\/\/infois.ro\/wp-content\/uploads\/2018\/05\/scoala-ionel-teodoreanu.jpg\" alt=\"\" width=\"359\" height=\"215\" srcset=\"https:\/\/infois.ro\/wp-content\/uploads\/2018\/05\/scoala-ionel-teodoreanu.jpg 640w, https:\/\/infois.ro\/wp-content\/uploads\/2018\/05\/scoala-ionel-teodoreanu-300x180.jpg 300w\" sizes=\"(max-width: 359px) 100vw, 359px\" \/><\/a><\/p>\n<p class=\"yiv0359152465MsoNormal\" style=\"text-align: justify;\">\u00cen perioada 1-24 martie 2019, \u0218coala Gimnazial\u0103 \u201eIonel Teodoreanu\u201d din Ia\u0219i desf\u0103\u0219oar\u0103 proiectul\u00a0<b><i>Apa \u2013 Sufletul P\u0103m\u00e2ntului,\u00a0<\/i><\/b>\u00a0\u00een parteneriat cu S.C. APAVITAL Ia\u0219i.<\/p>\n<p class=\"yiv0359152465MsoNormal\" style=\"text-align: justify;\">Prilejuit de faptul c\u0103 \u00een luna martie se s\u0103rb\u0103tore\u0219te, \u00een ziua de 21 martie, Ziua Mondial\u0103 a P\u0103durii \u0219i \u00een ziua de 22\u00a0 martie Ziua Mondial\u0103 a Apei, proiectul \u0219i-a propus con\u0219tientizarea elevilor cu privire la importan\u021ba apei \u00een existen\u021ba noastr\u0103 zilnic\u0103 \u0219i sensibilizarea acestora\u00a0 \u00een vederea p\u0103str\u0103rii \u0219i protej\u0103rii calit\u0103\u021bii apei.<\/p>\n<p class=\"yiv0359152465MsoNormal\" style=\"text-align: justify;\">Activit\u0103\u021bile proiectului s-au adresat tuturor elevilor \u0219colii, at\u00e2t din ciclul primar, c\u00e2t \u0219i din cel gimnazial, precum \u0219i profesorilor, dar \u0219i p\u0103rin\u021bilor. Elevii au organizat dezbateri pe tema importan\u021bei apei \u00een via\u021ba noastr\u0103 \u0219i \u00een natur\u0103, \u00eempreun\u0103 cu speciali\u0219ti din cadrul S.C. APAVITAL Ia\u0219i. Ei au realizat de asemenea prezent\u0103ri despre importan\u021ba apei pentru un mediu s\u0103n\u0103tos \u0219i despre m\u0103surile de prevenire a polu\u0103rii apelor, valorific\u00e2nd experien\u021ba de via\u021b\u0103, dar \u0219i cuno\u0219tin\u021bele acumulate la orele de Matematic\u0103 \u0219i Explorarea mediului, \u0218tiin\u021be ale naturii, Geografie, Educa\u021bie civic\u0103 sau Dezvoltare personal\u0103.\u00a0 De asemenea, au confec\u021bionat postere \u0219i colaje care fac obiectul unei bogate expozi\u021bii vizibile \u00een holul \u0219colii, expozi\u021bie menit\u0103 s\u0103 atrag\u0103 aten\u021bia asupra problemelor legate de ap\u0103 cu care se confrunt\u0103 omenirea, asupra faptului c\u0103 apa este esen\u021ba vie\u021bii pe P\u0103m\u00e2nt. \u0218colarii mai mici au organizat concursuri de ghicitori, proverbe, zic\u0103tori, au c\u00e2ntat \u0219i au desenat sub genericul\u00a0<b>Apa v\u0103zut\u0103 prin ochii copiilor<\/b>.\u00a0 \u00cempreun\u0103, ca adev\u0103ra\u021bi cet\u0103\u021beni ai Terrei, teodorenii au \u00eencercat s\u0103 aduc\u0103 \u00een aten\u021bie datoria pe care o avem fa\u021b\u0103 de cea care este sursa vie\u021bii pe P\u0103m\u00e2nt \u2013 APA.<\/p>\n<p class=\"yiv0359152465MsoNormal\" style=\"text-align: justify;\">\n","protected":false},"excerpt":{"rendered":"<p>\u00cen perioada 1-24 martie 2019, \u0218coala Gimnazial\u0103 \u201eIonel Teodoreanu\u201d din Ia\u0219i desf\u0103\u0219oar\u0103 proiectul\u00a0Apa \u2013 Sufletul&#8230; <a class=\"meta-more\" href=\"https:\/\/infois.ro\/?p=40202\">more <span class=\"meta-nav\">&raquo;<\/span><\/a><\/p>\n","protected":false},"author":2,"featured_media":34465,"comment_status":"closed","ping_status":"closed","sticky":false,"template":"","format":"standard","meta":{"footnotes":""},"categories":[12,41],"tags":[74,2108,40,3112],"aioseo_notices":[],"_links":{"self":[{"href":"https:\/\/infois.ro\/index.php?rest_route=\/wp\/v2\/posts\/40202"}],"collection":[{"href":"https:\/\/infois.ro\/index.php?rest_route=\/wp\/v2\/posts"}],"about":[{"href":"https:\/\/infois.ro\/index.php?rest_route=\/wp\/v2\/types\/post"}],"author":[{"embeddable":true,"href":"https:\/\/infois.ro\/index.php?rest_route=\/wp\/v2\/users\/2"}],"replies":[{"embeddable":true,"href":"https:\/\/infois.ro\/index.php?rest_route=%2Fwp%2Fv2%2Fcomments&post=40202"}],"version-history":[{"count":1,"href":"https:\/\/infois.ro\/index.php?rest_route=\/wp\/v2\/posts\/40202\/revisions"}],"predecessor-version":[{"id":40203,"href":"https:\/\/infois.ro\/index.php?rest_route=\/wp\/v2\/posts\/40202\/revisions\/40203"}],"wp:featuredmedia":[{"embeddable":true,"href":"https:\/\/infois.ro\/index.php?rest_route=\/wp\/v2\/media\/34465"}],"wp:attachment":[{"href":"https:\/\/infois.ro\/index.php?rest_route=%2Fwp%2Fv2%2Fmedia&parent=40202"}],"wp:term":[{"taxonomy":"category","embeddable":true,"href":"https:\/\/infois.ro\/index.php?rest_route=%2Fwp%2Fv2%2Fcategories&post=40202"},{"taxonomy":"post_tag","embeddable":true,"href":"https:\/\/infois.ro\/index.php?rest_route=%2Fwp%2Fv2%2Ftags&post=40202"}],"curies":[{"name":"wp","href":"https:\/\/api.w.org\/{rel}","templated":true}]}}