{"id":40424,"date":"2019-04-03T09:17:54","date_gmt":"2019-04-03T06:17:54","guid":{"rendered":"http:\/\/infois.ro\/?p=40424"},"modified":"2019-04-03T09:17:54","modified_gmt":"2019-04-03T06:17:54","slug":"elevii-ieseni-participa-la-stagii-de-pregatire-practica-in-portugalia","status":"publish","type":"post","link":"https:\/\/infois.ro\/?p=40424","title":{"rendered":"Elevii ie\u0219eni particip\u0103 la stagii de preg\u0103tire practic\u0103 \u00een Portugalia"},"content":{"rendered":"<p style=\"text-align: justify;\"><a href=\"http:\/\/infois.ro\/wp-content\/uploads\/2019\/04\/portugalia.jpg\"><img loading=\"lazy\" decoding=\"async\" class=\"alignleft  wp-image-40425\" src=\"http:\/\/infois.ro\/wp-content\/uploads\/2019\/04\/portugalia.jpg\" alt=\"\" width=\"368\" height=\"276\" srcset=\"https:\/\/infois.ro\/wp-content\/uploads\/2019\/04\/portugalia.jpg 640w, https:\/\/infois.ro\/wp-content\/uploads\/2019\/04\/portugalia-300x225.jpg 300w\" sizes=\"(max-width: 368px) 100vw, 368px\" \/><\/a>\u00cen perioada 3-25 martie, 2019, elevii Colegiului Agricol \u0219i de Industrie Alimentar\u0103 \u201cVasile Adamachi\u201d Iasi, de la specializarea <em>Industrie Alimentar\u0103<\/em>, au participat la un stagiu de pregatire practic\u0103 \u00een unit\u0103\u021bi economice de industrie alimentar\u0103 \u00een localitatea Barcelos, Portugalia, \u00een cadrul proiectului de formare profesional\u0103 Erasmus+KA1-VET, finan\u0163at de Uniunea European\u0103 &#8211; \u201cDezvoltarea Competen\u021belor Voca\u021bionale \u00een Agricultura Modern\u0103 \u0219i Industria Alimentar\u0103\u201d<\/p>\n<p style=\"text-align: justify;\">Proiectul se deruleaz\u0103 pe o durata de 18 luni, \u00een perioada: 2018-2020, obiectivul fundamental viz\u00e2nd dezvoltarea abilit\u0103\u0163ilor profesionale \u0219i de via\u0163\u0103 ale elevilor, de la cele lingvistice, sociale, la cele care \u0163in de dob\u00e2ndirea unui stil de via\u0163\u0103 s\u0103n\u0103tos. Pe o perioad\u0103 de 3 s\u0103pt\u0103m\u00e2ni, 16 elevi de la\u00a0 Colegiul Agricol \u015fi de Industrie Alimentar\u0103 \u201eVasile Adamachi\u201d din Ia\u0219i &#8211; specializarea \u2013 <em>Tehnician industrie alimentar\u0103<\/em> \u00een parteneriat cu \u00a0\u201cAssociacao Intercultural Amigos da Mobilidade\u201d din ora\u0219ul Barcelos \u2013 Portugalia \u2013 si-au dezvoltat competen\u021bele profesionale \u00een cadrul unui stagiu de preg\u0103tire practic\u0103. Elevii \u00eenso\u021bi\u021bi de 2 profesori \u0219i-au \u00eembun\u0103t\u0103\u021bit abilit\u0103\u021bile profesionale specifice ramurii panifica\u021biei \u0219i cofet\u0103riei. De asemenea, ei au participat la evenimente sociale diverse, iar interac\u0163iunile interna\u0163ionale, deschiderea fa\u0163\u0103 de cultur\u0103 \u015fi fa\u0163\u0103 de limba de desf\u0103\u0219urare a proiectului \u2013 engleza \u2013 au avut un impact major asupra dezvolt\u0103rii personale, dar \u015fi asupra viitoarei lor orient\u0103ri \u015fcolare \u015fi\u00a0 profesionale.<\/p>\n<p style=\"text-align: justify;\">Partenerii au evaluat modul de desf\u0103\u015furare al proiectului \u015fi au analizat impactul activit\u0103\u0163ilor derulate asupra elevilor \u015fi profesorilor implica\u0163i \u00een proiect, asupra preg\u0103tirii profesionale, eviden\u0163iind dezvoltarea unor atitudini \u015fi abilit\u0103\u0163i precum toleran\u0163a, g\u00e2ndirea critic\u0103, comunicarea intercultural\u0103, spiritul comunitar.<\/p>\n<p style=\"text-align: justify;\">Consider\u0103m o real\u0103 reu\u0219it\u0103 implicarea \u00een acest proiect care aduce beneficii at\u00e2t elevilor, profesorilor, dar \u0219i comunit\u0103\u021bii locale din care institu\u021bia noastr\u0103 face parte.<\/p>\n","protected":false},"excerpt":{"rendered":"<p>\u00cen perioada 3-25 martie, 2019, elevii Colegiului Agricol \u0219i de Industrie Alimentar\u0103 \u201cVasile Adamachi\u201d Iasi,&#8230; <a class=\"meta-more\" href=\"https:\/\/infois.ro\/?p=40424\">more <span class=\"meta-nav\">&raquo;<\/span><\/a><\/p>\n","protected":false},"author":2,"featured_media":40425,"comment_status":"closed","ping_status":"closed","sticky":false,"template":"","format":"standard","meta":{"footnotes":""},"categories":[12,41],"tags":[74,9746,40,3112,1620,12029],"aioseo_notices":[],"_links":{"self":[{"href":"https:\/\/infois.ro\/index.php?rest_route=\/wp\/v2\/posts\/40424"}],"collection":[{"href":"https:\/\/infois.ro\/index.php?rest_route=\/wp\/v2\/posts"}],"about":[{"href":"https:\/\/infois.ro\/index.php?rest_route=\/wp\/v2\/types\/post"}],"author":[{"embeddable":true,"href":"https:\/\/infois.ro\/index.php?rest_route=\/wp\/v2\/users\/2"}],"replies":[{"embeddable":true,"href":"https:\/\/infois.ro\/index.php?rest_route=%2Fwp%2Fv2%2Fcomments&post=40424"}],"version-history":[{"count":1,"href":"https:\/\/infois.ro\/index.php?rest_route=\/wp\/v2\/posts\/40424\/revisions"}],"predecessor-version":[{"id":40426,"href":"https:\/\/infois.ro\/index.php?rest_route=\/wp\/v2\/posts\/40424\/revisions\/40426"}],"wp:featuredmedia":[{"embeddable":true,"href":"https:\/\/infois.ro\/index.php?rest_route=\/wp\/v2\/media\/40425"}],"wp:attachment":[{"href":"https:\/\/infois.ro\/index.php?rest_route=%2Fwp%2Fv2%2Fmedia&parent=40424"}],"wp:term":[{"taxonomy":"category","embeddable":true,"href":"https:\/\/infois.ro\/index.php?rest_route=%2Fwp%2Fv2%2Fcategories&post=40424"},{"taxonomy":"post_tag","embeddable":true,"href":"https:\/\/infois.ro\/index.php?rest_route=%2Fwp%2Fv2%2Ftags&post=40424"}],"curies":[{"name":"wp","href":"https:\/\/api.w.org\/{rel}","templated":true}]}}