{"id":40470,"date":"2019-04-04T09:53:27","date_gmt":"2019-04-04T06:53:27","guid":{"rendered":"http:\/\/infois.ro\/?p=40470"},"modified":"2019-04-04T09:53:27","modified_gmt":"2019-04-04T06:53:27","slug":"proiectul-lectura-cuvant-si-imagine-reuneste-sambata-800-de-elevi-din-clasele-ii-iv","status":"publish","type":"post","link":"https:\/\/infois.ro\/?p=40470","title":{"rendered":"Proiectul \u201eLectura &#8211; cuv\u00e2nt \u015fi imagine\u201d reune\u0219te s\u00e2mb\u0103t\u0103 800 de elevi din clasele II-IV"},"content":{"rendered":"<p><a href=\"http:\/\/infois.ro\/wp-content\/uploads\/2018\/03\/scoala-alexandru-cel-bun.jpg\"><img loading=\"lazy\" decoding=\"async\" class=\"alignleft  wp-image-33688\" src=\"http:\/\/infois.ro\/wp-content\/uploads\/2018\/03\/scoala-alexandru-cel-bun.jpg\" alt=\"\" width=\"322\" height=\"236\" srcset=\"https:\/\/infois.ro\/wp-content\/uploads\/2018\/03\/scoala-alexandru-cel-bun.jpg 640w, https:\/\/infois.ro\/wp-content\/uploads\/2018\/03\/scoala-alexandru-cel-bun-300x220.jpg 300w\" sizes=\"(max-width: 322px) 100vw, 322px\" \/><\/a><\/p>\n<p style=\"text-align: justify;\"><span lang=\"FR\">O nou\u0103 prim\u0103var\u0103, un nou \u00eenceput, o nou\u0103 provocare a concursului de lectur\u0103, ini\u021biat \u0219i g\u0103zduit de \u0218coala Gimnazial\u0103 \u201eAlexandru cel Bun\u201d\u2026 Devenit de acum o tradi\u021bie \u00een r\u00e2ndul copiilor \u0219i al cadrelor didactice din \u00eenv\u0103\u021b\u0103m\u00e2ntul primar al jude\u021bului Ia\u0219i,\u00a0<\/span>proiectul \u201eLectura &#8211; cuv\u00e2nt \u015fi imagine\u201d, aprobat de I.S.J. Ia\u015fi \u00een C.A.E.J. 2019, coordonat de directorul \u0219colii, Mihai Crauciuc-Cabur, \u015fi profesorii pentru \u00eenv\u0103\u0163\u0103m\u00e2ntul primar Alina-Gabi Titiniuc \u015fi Ofelia Lungu \u015fi sus\u0163inut de inimoasa echip\u0103 de dasc\u0103li din \u015fcoal\u0103, \u00ee\u0219i propune pentru al \u0219aptelea an consecutiv s\u0103-i surprind\u0103 pl\u0103cut pe micii cititori. La concurs particip\u0103 elevi din clasele a II-a , a III-a \u0219i a IV-a.<\/p>\n<p style=\"text-align: justify;\">Elevii care \u0219i-au f\u0103cut din carte un prieten drag, selecta\u0163i \u00een urma etapei locale a concursului, care a avut loc \u00een ziua de 14 martie 2019, \u00ee\u0219i vor dovedi pasiunea pentru lectur\u0103 particip\u00e2nd s\u00e2mb\u0103t\u0103, 6 aprilie 2019, la etapa jude\u0163ean\u0103. Sunt a\u0219tepta\u021bi \u00een \u0219coal\u0103<b>\u00a0<span lang=\"FR\">peste 800 de elevi<\/span><\/b><span lang=\"FR\">, din\u00a0<b>73 de \u0219coli din tot jude\u021bul.<\/b><\/span><\/p>\n<p style=\"text-align: justify;\"><span lang=\"FR\">Ca punct forte al proiectului, peste 5 mii de \u0219colari au parcurs lecturile propuse pentru etapa local\u0103, dezvolt\u00e2ndu-\u0219i astfel abilitatea de a citi \u0219i deprinderea de a petrece timpul liber \u00eentr-un mod pl\u0103cut \u0219i instructiv.<\/span><\/p>\n<p style=\"text-align: justify;\"><span lang=\"FR\">Concursul se va desf\u0103\u0219ura \u00eentre orele 9:00 \u0219i 10:30. Proba unic\u0103 de concurs va con\u021bine itemi varia\u0163i \u015fi atractivi, ce vizeaz\u0103 competen\u021be specifice orei de lectur\u0103, pentru fiecare nivel de clas\u0103 \u0219i realizarea unei compozi\u021bii plastice, av\u00e2nd ca subiect con\u021binutul textelor citite de copii, conform unei liste primite la \u00eenceputul semestrului.<\/span><\/p>\n<p style=\"text-align: justify;\"><span lang=\"FR\">Rezultatele vor fi afi\u0219ate pe site-ul \u0218colii Gimnaziale \u201eAlexandru cel Bun\u201d, p\u00e2n\u0103 luni, 8 aprilie 2019.<\/span><\/p>\n","protected":false},"excerpt":{"rendered":"<p>O nou\u0103 prim\u0103var\u0103, un nou \u00eenceput, o nou\u0103 provocare a concursului de lectur\u0103, ini\u021biat \u0219i&#8230; <a class=\"meta-more\" href=\"https:\/\/infois.ro\/?p=40470\">more <span class=\"meta-nav\">&raquo;<\/span><\/a><\/p>\n","protected":false},"author":2,"featured_media":33688,"comment_status":"closed","ping_status":"closed","sticky":false,"template":"","format":"standard","meta":{"footnotes":""},"categories":[12,41],"tags":[74,362,40,3370,3112,10061],"aioseo_notices":[],"_links":{"self":[{"href":"https:\/\/infois.ro\/index.php?rest_route=\/wp\/v2\/posts\/40470"}],"collection":[{"href":"https:\/\/infois.ro\/index.php?rest_route=\/wp\/v2\/posts"}],"about":[{"href":"https:\/\/infois.ro\/index.php?rest_route=\/wp\/v2\/types\/post"}],"author":[{"embeddable":true,"href":"https:\/\/infois.ro\/index.php?rest_route=\/wp\/v2\/users\/2"}],"replies":[{"embeddable":true,"href":"https:\/\/infois.ro\/index.php?rest_route=%2Fwp%2Fv2%2Fcomments&post=40470"}],"version-history":[{"count":1,"href":"https:\/\/infois.ro\/index.php?rest_route=\/wp\/v2\/posts\/40470\/revisions"}],"predecessor-version":[{"id":40471,"href":"https:\/\/infois.ro\/index.php?rest_route=\/wp\/v2\/posts\/40470\/revisions\/40471"}],"wp:featuredmedia":[{"embeddable":true,"href":"https:\/\/infois.ro\/index.php?rest_route=\/wp\/v2\/media\/33688"}],"wp:attachment":[{"href":"https:\/\/infois.ro\/index.php?rest_route=%2Fwp%2Fv2%2Fmedia&parent=40470"}],"wp:term":[{"taxonomy":"category","embeddable":true,"href":"https:\/\/infois.ro\/index.php?rest_route=%2Fwp%2Fv2%2Fcategories&post=40470"},{"taxonomy":"post_tag","embeddable":true,"href":"https:\/\/infois.ro\/index.php?rest_route=%2Fwp%2Fv2%2Ftags&post=40470"}],"curies":[{"name":"wp","href":"https:\/\/api.w.org\/{rel}","templated":true}]}}