{"id":4072,"date":"2013-02-13T13:21:07","date_gmt":"2013-02-13T11:21:07","guid":{"rendered":"http:\/\/infois.ro\/?p=4072"},"modified":"2013-02-13T13:21:07","modified_gmt":"2013-02-13T11:21:07","slug":"bal-al-mamelor-rome-la-iasi","status":"publish","type":"post","link":"https:\/\/infois.ro\/?p=4072","title":{"rendered":"\u201dBal al mamelor rome\u201d la Ia\u0219i"},"content":{"rendered":"<p style=\"text-align: justify;\"><a class=\"highslide\" onclick=\"return vz.expand(this)\" href=\"http:\/\/infois.ro\/wp-content\/uploads\/2013\/02\/mame-rome.jpg\"><img loading=\"lazy\" decoding=\"async\" class=\"alignleft size-large wp-image-4073\" title=\"mame rome\" src=\"http:\/\/infois.ro\/wp-content\/uploads\/cache\/2013\/02\/mame-rome\/2324318502.jpg\" alt=\"\" width=\"480\" height=\"270\" \/><\/a>La sediul Institu\u021biei Prefectului Jude\u021bului Ia\u0219i s-a desf\u0103\u0219urat, recent, o \u00eent\u00e2lnire a mamelor rome, ac\u021biunea f\u0103c\u00e2nd parte din campania na\u021bional\u0103 &#8220;Amarre Chave &#8211; Copiii no\u015ftri&#8221;, care a fost declan\u0219at\u0103 ca reac\u0163ie la declara\u0163iile extremiste ale unor organiza\u0163ii din Rom\u00e2nia, referitoare la sterilizarea mamelor rome. Astfel, cu sprijinul Biroului Jude\u0163ean pentru Romi, din cadrul Institu\u0163iei Prefectului Jude\u0163ului Ia\u015fi, mamele rome au creat un grup de ini\u0163iativ\u0103 pentru constituirea \u201dAlian\u0163ei pentru protec\u0163ia copilului \u015fi mamei rome\u201d. Cu acest prilej a fost creat\u0103 \u015fi o pagin\u0103 pe Facebook, care a str\u00e2ns \u00een doar cinci zile peste 550 de membri. Potrivit organizatorilor ac\u021biunii, de\u015fi exist\u0103 c\u00e2teva ONG-uri ale femeilor rome, chiar \u015fi femei rome cu masterat \u015fi doctorat \u00een studii feministe, specializarea acestora este \u00een teoretizarea discrimin\u0103rii de gen. Nu exist\u0103 nicio reflec\u0163ie sau date despre situa\u0163ia mamei rome, la fel cum nu exist\u0103 niciun ONG rom cu preocup\u0103ri \u00een zona educa\u0163iei \u015fi protec\u0163iei copilului rom. Grupul de la Ia\u015fi promoveaz\u0103 ideea c\u0103 mama rom\u0103 este puternic\u0103 \u015fi modeleaz\u0103 caracterele. Ac\u0163iunea de la Ia\u015fi s-a desf\u0103\u0219urat sub motto-ul &#8220;Noi vrem respect!&#8221;. \u201cSuntem de acord cu modernizarea tradi\u021biilor, at\u00e2t timp c\u00e2t acestea nu conduc la pierderea identit\u0103\u021bii, nu avem o problem\u0103 cu discriminarea de gen nici fa\u021b\u0103 de b\u0103rba\u021bii romi \u0219i nici neromi.\u00a0\u00a0Vrem respect! Vrem s\u0103 ne educ\u0103m copii\u00a0\u00a0\u00een spiritul demnit\u0103\u021bii ! Vrem s\u0103 fim tratate ca mame rome responsabile de \u201ccei \u0219apte ani de-acas\u0103\u201d ! Vrem s\u0103 r\u0103m\u00e2nem\u00a0mame rome\u00a0!&#8221;, a declarat Daniela Rusu &#8211; psiholog \u0219colar. \u201cNu vrem s\u0103 maneliz\u0103m societatea rom\u00e2neasc\u0103, nici s\u0103 dansam din buric &#8230;vrem s\u0103 ar\u0103t\u0103m partea invizibil\u0103 a mamelor rome:\u00a0\u00a0femei de afaceri, femei care au o\u00a0\u00a0carier\u0103, profesioniste din diferite domenii\u201d, a afirmat, la r\u00e2ndul s\u0103u, Gabi Vasiliu \u2013 \u00eentreprinz\u0103tor. \u201cMamele rome nu vor s\u0103 stea nep\u0103s\u0103toare la autodistrugerea\u00a0\u00a0noastr\u0103&#8230; \u00een numele mamelor rome s\u0103 vorbeasc\u0103 doar mamele rome\u00a0&#8230; nu specialiste \u00een domeniul mi\u0219c\u0103rii feministe\u201d, a spus \u0219i Larisa Sava \u2013 \u00eentreprinz\u0103tor. Campania na\u0163ional\u0103 va fi lansat\u0103 pe data de 8 martie. Cu aceast\u0103 ocazie, la Ia\u015fi, va fi organizat,\u00a0cu sprijinul Institu\u0163iei Prefectului,\u00a0un &#8220;Bal al Mamelor Rome&#8221;. Balul se dore\u015fte a fi un eveniment monden la care vor fi invitate personalit\u0103\u0163i din Ia\u015fi \u015fi din \u0163ar\u0103.<\/p>\n","protected":false},"excerpt":{"rendered":"<p>La sediul Institu\u021biei Prefectului Jude\u021bului Ia\u0219i s-a desf\u0103\u0219urat, recent, o \u00eent\u00e2lnire a mamelor rome, ac\u021biunea&#8230; <a class=\"meta-more\" href=\"https:\/\/infois.ro\/?p=4072\">more <span class=\"meta-nav\">&raquo;<\/span><\/a><\/p>\n","protected":false},"author":2,"featured_media":4073,"comment_status":"open","ping_status":"closed","sticky":false,"template":"","format":"standard","meta":{"footnotes":""},"categories":[1],"tags":[1703,1702,446],"aioseo_notices":[],"_links":{"self":[{"href":"https:\/\/infois.ro\/index.php?rest_route=\/wp\/v2\/posts\/4072"}],"collection":[{"href":"https:\/\/infois.ro\/index.php?rest_route=\/wp\/v2\/posts"}],"about":[{"href":"https:\/\/infois.ro\/index.php?rest_route=\/wp\/v2\/types\/post"}],"author":[{"embeddable":true,"href":"https:\/\/infois.ro\/index.php?rest_route=\/wp\/v2\/users\/2"}],"replies":[{"embeddable":true,"href":"https:\/\/infois.ro\/index.php?rest_route=%2Fwp%2Fv2%2Fcomments&post=4072"}],"version-history":[{"count":1,"href":"https:\/\/infois.ro\/index.php?rest_route=\/wp\/v2\/posts\/4072\/revisions"}],"predecessor-version":[{"id":4074,"href":"https:\/\/infois.ro\/index.php?rest_route=\/wp\/v2\/posts\/4072\/revisions\/4074"}],"wp:featuredmedia":[{"embeddable":true,"href":"https:\/\/infois.ro\/index.php?rest_route=\/wp\/v2\/media\/4073"}],"wp:attachment":[{"href":"https:\/\/infois.ro\/index.php?rest_route=%2Fwp%2Fv2%2Fmedia&parent=4072"}],"wp:term":[{"taxonomy":"category","embeddable":true,"href":"https:\/\/infois.ro\/index.php?rest_route=%2Fwp%2Fv2%2Fcategories&post=4072"},{"taxonomy":"post_tag","embeddable":true,"href":"https:\/\/infois.ro\/index.php?rest_route=%2Fwp%2Fv2%2Ftags&post=4072"}],"curies":[{"name":"wp","href":"https:\/\/api.w.org\/{rel}","templated":true}]}}