{"id":40868,"date":"2019-04-18T10:47:43","date_gmt":"2019-04-18T07:47:43","guid":{"rendered":"http:\/\/infois.ro\/?p=40868"},"modified":"2019-04-19T10:52:06","modified_gmt":"2019-04-19T07:52:06","slug":"scoala-deleni-proiectul-pas-cu-pas-spre-reusita","status":"publish","type":"post","link":"https:\/\/infois.ro\/?p=40868","title":{"rendered":"\u0218coala Deleni-proiectul ,,Pas cu pas spre reu\u0219it\u0103&#8221;"},"content":{"rendered":"<div dir=\"ltr\">\n<div dir=\"ltr\">\n<div>\n<p><a href=\"http:\/\/infois.ro\/wp-content\/uploads\/2019\/04\/deleni.jpg\"><img loading=\"lazy\" decoding=\"async\" class=\"alignleft  wp-image-40869\" src=\"http:\/\/infois.ro\/wp-content\/uploads\/2019\/04\/deleni.jpg\" alt=\"\" width=\"407\" height=\"218\" srcset=\"https:\/\/infois.ro\/wp-content\/uploads\/2019\/04\/deleni.jpg 640w, https:\/\/infois.ro\/wp-content\/uploads\/2019\/04\/deleni-300x161.jpg 300w\" sizes=\"(max-width: 407px) 100vw, 407px\" \/><\/a><\/p>\n<p style=\"text-align: justify;\">O \u0219coal\u0103 adaptat\u0103 nevoilor comunit\u0103\u021bii \u0219i elevilor ei are cele mai multe reu\u0219ite, iar cei pe care \u00eei formeaz\u0103 \u00een spiritul educa\u021biei pe tot parcursul vie\u021bii devin adul\u021bi\u00a0adaptabili, cu mai multe \u0219anse de succes \u00een carier\u0103 \u0219i \u00een via\u021b\u0103.<\/p>\n<p style=\"text-align: justify;\">\u200b\u00cen cadrul proiectului\u00a0\u201d\u0218coli prietenoase \u00een comunit\u0103\u021bi implicate\u201d, \u0218coala Gimnazial\u0103 Deleni a prezentat mar\u021bi\u00a016 aprilie 2019,\u00a0lansarea\u00a0proiectului\u00a0de \u0219coal\u0103\u00a0\u201ePas cu pas spre reu\u0219it\u0103\u201d\u00a0care se va derula \u00een perioada mai 2019 \u2013 iunie 2021. Printre invita\u021bi s-au num\u0103rat Primarul Comunei Deleni, Economist Prigoreanu Dumitru, dar \u0219i psihologul scolar de la Colegiul Na\u021bional \u201e\u0218tefan cel Mare\u201d \u2013 H\u00e2rl\u0103u, profesor Bulgagiu Liliana, p\u0103rin\u021bi \u0219i elevi.<\/p>\n<p style=\"text-align: justify;\">\u200bLipsi\u021bi de motivatia corect\u0103, mul\u021bi copii au probleme cu asimilarea materiei, sau nu vor s\u0103 \u00eenve\u021be.<\/p>\n<p style=\"text-align: justify;\">\u200bProiectul\u00a0vizeaza\u00a0asigurarea\u00a0pe\u00a0\u00a0termen\u00a0lung a\u00a0succesului\u00a0\u0219colar\u00a0\u0219i\u00a0personal\u00a0prin\u00a0activit\u0103\u021bi\u00a0diferen\u021biate\u00a0,\u00a0adaptate\u00a0nivelului\u00a0cognitiv\u00a0al\u00a0elevului.<\/p>\n<p style=\"text-align: justify;\">Consilierea\u00a0elevilor\u00a0\u0219i\u00a0a parintilor\u00a0implica\u021bi\u00a0\u00a0\u00een\u00a0proiect\u00a0\u00een\u00a0vederea\u00a0\u00eembunat\u0103\u021birii\u00a0situa\u021biei\u00a0\u0219colare\u00a0\u0219i pentru incurajarea\u00a0succesului\u00a0\u0219colar, c\u00e2t\u00a0\u0219i\u00a0perfec\u021bionarea\u00a0abilit\u0103\u021bilor\u00a0profesionale\u00a0ale\u00a0cadrelor\u00a0didactice,\u00a0astfel\u00a0\u00eenc\u00e2t\u00a0ace\u0219tia\u00a0s\u0103\u00a0poat\u0103\u00a0contribui\u00a0eficient\u00a0la\u00a0formarea\u00a0competen\u021belor\u00a0cheie\u00a0ale\u00a0elevilor\u00a0reprezint\u0103 alte\u00a0deziderate\u00a0ale\u00a0proiectului.<\/p>\n<p style=\"text-align: justify;\">Reu\u0219ita\u00a0acestui\u00a0proiect\u00a0implementat\u00a0pe\u00a0o\u00a0perioad\u0103\u00a0de\u00a0doi\u00a0ani \u00a0const\u0103\u00a0tocmai\u00a0in\u00a0complexitatea\u00a0sa,\u00a0in dorinta\u00a0de a\u00a0implica\u00a0direct\u00a0elevi,\u00a0p\u0103rin\u021bi,\u00a0reprezentan\u021bi\u00a0ai\u00a0comunit\u0103\u021bii\u00a0locale,\u00a0psihologi\u00a0\u0219i\u00a0cadre\u00a0didactice\u00a0\u00een\u00a0activit\u0103\u021bi\u00a0de\u00a0tip atelier,\u00a0formale\u00a0\u0219i\u00a0non-formale,\u00a0pornind\u00a0de la o\u00a0analiz\u0103\u00a0atent\u0103\u00a0\u0219i\u00a0personalizat\u0103\u00a0a\u00a0condi\u021biilor\u00a0de\u00a0mediu\u00a0\u0219i\u00a0 de\u00a0\u00eenv\u0103\u021bare\u00a0ale\u00a0elevilor, de la\u00a0chestionare,\u00a0discu\u021bii\u00a0\u0219i\u00a0vizite\u00a0la\u00a0domiciliul\u00a0elevilor. Activitatile\u00a0reprezint\u0103,\u00a0a\u0219adar, o\u00a0alternativ\u0103\u00a0mai\u00a0pu\u021bin\u00a0rigid\u0103\u00a0\u0219i\u00a0mai\u00a0flexibil\u0103,\u00a0pentru\u00a0ca\u00a0elevii\u00a0s\u0103\u00a0 fie\u00a0stimula\u021bi\u00a0s\u0103\u00a0\u00ee\u0219i\u00a0descopere\u00a0\u00a0motiva\u021bia\u00a0si dorinta de a invata.<\/p>\n<p style=\"text-align: justify;\">\u200bPrezentarea\u00a0proiectului\u00a0a\u00a0fost\u00a0completat\u0103\u00a0de activitatile\u00a0elevilor\u00a0 cuprinse in\u00a0programul\u00a0\u201d\u0218coala\u00a0\u00a0Altfel\u201d.\u00a0Ace\u0219tia\u00a0\u0219i-au\u00a0demonstrat\u00a0calit\u0103\u021bile\u00a0prin\u00a0participarea\u00a0la\u00a0proiectul\u00a0\u201dElevii\u00a0au talent\u201d,\u00a0edi\u021bia\u00a0I (interpretare\u00a0flaut,\u00a0dansuri\u00a0moderne, de\u00a0epoc\u0103\u00a0\u0219i populare,\u00a0numere\u00a0de stand-up\u00a0comedy, piese\u00a0de\u00a0teatru, interpretare\u00a0vocal\u0103), care\u00a0au\u00a0surprins\u00a0\u00een\u00a0mod\u00a0pl\u0103cut publicul.<\/p>\n<p style=\"text-align: justify;\">\u200bRaspunsurile celor prezenti in sala nu\u00a0s-au\u00a0l\u0103sat\u00a0a\u0219teptate,\u00a0to\u021bi\u00a0cei\u00a0implica\u021bi\u00a0salut\u00e2nd cu entuziasm\u00a0\u00a0demararea\u00a0acestui\u00a0proiect\u00a0deosebit,\u00a0perfect\u00a0adaptat nevoilor\u00a0elevilor\u00a0\u0219i\u00a0comunit\u0103\u021bii.<\/p>\n<\/div>\n<\/div>\n<\/div>\n","protected":false},"excerpt":{"rendered":"<p>O \u0219coal\u0103 adaptat\u0103 nevoilor comunit\u0103\u021bii \u0219i elevilor ei are cele mai multe reu\u0219ite, iar cei&#8230; <a class=\"meta-more\" href=\"https:\/\/infois.ro\/?p=40868\">more <span class=\"meta-nav\">&raquo;<\/span><\/a><\/p>\n","protected":false},"author":2,"featured_media":40869,"comment_status":"closed","ping_status":"closed","sticky":false,"template":"","format":"standard","meta":{"footnotes":""},"categories":[12],"tags":[40,3269,3112,12106,12107],"aioseo_notices":[],"_links":{"self":[{"href":"https:\/\/infois.ro\/index.php?rest_route=\/wp\/v2\/posts\/40868"}],"collection":[{"href":"https:\/\/infois.ro\/index.php?rest_route=\/wp\/v2\/posts"}],"about":[{"href":"https:\/\/infois.ro\/index.php?rest_route=\/wp\/v2\/types\/post"}],"author":[{"embeddable":true,"href":"https:\/\/infois.ro\/index.php?rest_route=\/wp\/v2\/users\/2"}],"replies":[{"embeddable":true,"href":"https:\/\/infois.ro\/index.php?rest_route=%2Fwp%2Fv2%2Fcomments&post=40868"}],"version-history":[{"count":1,"href":"https:\/\/infois.ro\/index.php?rest_route=\/wp\/v2\/posts\/40868\/revisions"}],"predecessor-version":[{"id":40870,"href":"https:\/\/infois.ro\/index.php?rest_route=\/wp\/v2\/posts\/40868\/revisions\/40870"}],"wp:featuredmedia":[{"embeddable":true,"href":"https:\/\/infois.ro\/index.php?rest_route=\/wp\/v2\/media\/40869"}],"wp:attachment":[{"href":"https:\/\/infois.ro\/index.php?rest_route=%2Fwp%2Fv2%2Fmedia&parent=40868"}],"wp:term":[{"taxonomy":"category","embeddable":true,"href":"https:\/\/infois.ro\/index.php?rest_route=%2Fwp%2Fv2%2Fcategories&post=40868"},{"taxonomy":"post_tag","embeddable":true,"href":"https:\/\/infois.ro\/index.php?rest_route=%2Fwp%2Fv2%2Ftags&post=40868"}],"curies":[{"name":"wp","href":"https:\/\/api.w.org\/{rel}","templated":true}]}}