{"id":41058,"date":"2019-05-05T18:07:00","date_gmt":"2019-05-05T15:07:00","guid":{"rendered":"http:\/\/infois.ro\/?p=41058"},"modified":"2019-05-05T18:07:00","modified_gmt":"2019-05-05T15:07:00","slug":"mobilitate-erasmus-ka1-vet-la-colegiul-agricol-si-de-industrie-alimentara-vasile-adamachi-din-iasi","status":"publish","type":"post","link":"https:\/\/infois.ro\/?p=41058","title":{"rendered":"Mobilitate Erasmus+, KA1 VET  la Colegiul Agricol \u0219i de Industrie Alimentar\u0103  \u201eVasile Adamachi\u201c din Ia\u0219i"},"content":{"rendered":"<p><a href=\"http:\/\/infois.ro\/wp-content\/uploads\/2019\/05\/elevi-adamachi.jpg\"><img loading=\"lazy\" decoding=\"async\" class=\"alignleft  wp-image-41059\" src=\"http:\/\/infois.ro\/wp-content\/uploads\/2019\/05\/elevi-adamachi.jpg\" alt=\"\" width=\"331\" height=\"248\" srcset=\"https:\/\/infois.ro\/wp-content\/uploads\/2019\/05\/elevi-adamachi.jpg 640w, https:\/\/infois.ro\/wp-content\/uploads\/2019\/05\/elevi-adamachi-300x225.jpg 300w\" sizes=\"(max-width: 331px) 100vw, 331px\" \/><\/a><\/p>\n<p style=\"text-align: justify;\">Elevii Colegiului Agricol \u0219i de Industrie Alimentar\u0103 \u00a0\u201e<strong>Vasile Adamachi<\/strong>\u201c din\u00a0<strong>Ia\u0219i\u00a0<\/strong>au participat la ultima mobilitate din cadrul proiectului de formare profesional\u0103 Erasmus+, KA1 \u2013 VET, finan\u021bat de\u00a0<strong>Uniunea European\u0103<\/strong>\u00a0\u2013\u201eDezvoltarea Competen\u021belor Voca\u021bionale \u00een Agricultura Modern\u0103 \u0219i Industria Alimentar\u0103\u201c \u00een perioada \u00a022 \u00a0\u2013 26 aprilie 2019,\u00a0 \u00een Granada &#8211;\u00a0 Spania. Grupul a fost format din 15 elevi de la specializarea tehnician in agricultura ecologic\u0103 \u0219i doi profesori \u00eenso\u021bitori. Organiza\u021bia partener\u0103 a fost ,,Uniunea Produc\u0103torilor Agricoli din Granada,, iar cea intermediar\u0103 MEP Europreojects Granada, care au asigurat elevilor desf\u0103\u0219urarea activit\u0103\u021bilor timp de trei s\u0103ptam\u00e2ni. Activit\u0103\u021bile au condus la acumularea de noi competen\u021be profesionale \u00een cadrul orele de preg\u0103tire de specialitate \u0219i achizi\u021bia de noi abilit\u0103\u021bi sociale sub supravegherea tutorilor de practic\u0103 desemna\u021bi. Elevii au fost implica\u021bi \u00een activit\u0103\u021bi specifice care se desf\u0103\u0219oar\u0103 \u00een aceast\u0103 perioad\u0103 \u00een fermele agricole ale Andaluziei-Spania. Sub supravegherea tutorelui desemnat elevii au efectuat lucr\u0103ri agricole, au interac\u021bionat cu angaja\u021bii fermelor, institutelor de cercetare \u00een agricultur\u0103 \u0219i centrelor de ob\u021binere a compostulu, au avut posibilitatea s\u0103 vad\u0103 cum sunt aplicate cele mai noi tehnologii agricole. Programul cultural al proiectului a permis elevilor s\u0103 cunoasc\u0103 cultura \u0219i civiliza\u021bia Spaniei, prin vizitele organizate la obiectivele turistice. Elevii au fost foarte aprecia\u021bi datorit\u0103 faptului c\u0103 au dovedit interes, responsabilitate, seriozitate \u0219i profesionalism. \u00a0Obiectivele proiectului, viz\u00e2nd dezvoltarea competen\u021belor profesionale, a abilit\u0103\u021bilor de comunicare, lingvistice, organiza\u021bionale \u0219i sociale au fost atinse, elevii acumul\u00e2nd o experien\u021b\u0103 unic\u0103 care va putea fi valorificat\u0103 de fiecare participant la viitorul loc de munc\u0103 dar \u0219i \u00een via\u021ba personal\u0103.<\/p>\n","protected":false},"excerpt":{"rendered":"<p>Elevii Colegiului Agricol \u0219i de Industrie Alimentar\u0103 \u00a0\u201eVasile Adamachi\u201c din\u00a0Ia\u0219i\u00a0au participat la ultima mobilitate din&#8230; <a class=\"meta-more\" href=\"https:\/\/infois.ro\/?p=41058\">more <span class=\"meta-nav\">&raquo;<\/span><\/a><\/p>\n","protected":false},"author":2,"featured_media":41059,"comment_status":"closed","ping_status":"closed","sticky":false,"template":"","format":"standard","meta":{"footnotes":""},"categories":[12],"tags":[12147,12146,9746,40,3112],"aioseo_notices":[],"_links":{"self":[{"href":"https:\/\/infois.ro\/index.php?rest_route=\/wp\/v2\/posts\/41058"}],"collection":[{"href":"https:\/\/infois.ro\/index.php?rest_route=\/wp\/v2\/posts"}],"about":[{"href":"https:\/\/infois.ro\/index.php?rest_route=\/wp\/v2\/types\/post"}],"author":[{"embeddable":true,"href":"https:\/\/infois.ro\/index.php?rest_route=\/wp\/v2\/users\/2"}],"replies":[{"embeddable":true,"href":"https:\/\/infois.ro\/index.php?rest_route=%2Fwp%2Fv2%2Fcomments&post=41058"}],"version-history":[{"count":1,"href":"https:\/\/infois.ro\/index.php?rest_route=\/wp\/v2\/posts\/41058\/revisions"}],"predecessor-version":[{"id":41060,"href":"https:\/\/infois.ro\/index.php?rest_route=\/wp\/v2\/posts\/41058\/revisions\/41060"}],"wp:featuredmedia":[{"embeddable":true,"href":"https:\/\/infois.ro\/index.php?rest_route=\/wp\/v2\/media\/41059"}],"wp:attachment":[{"href":"https:\/\/infois.ro\/index.php?rest_route=%2Fwp%2Fv2%2Fmedia&parent=41058"}],"wp:term":[{"taxonomy":"category","embeddable":true,"href":"https:\/\/infois.ro\/index.php?rest_route=%2Fwp%2Fv2%2Fcategories&post=41058"},{"taxonomy":"post_tag","embeddable":true,"href":"https:\/\/infois.ro\/index.php?rest_route=%2Fwp%2Fv2%2Ftags&post=41058"}],"curies":[{"name":"wp","href":"https:\/\/api.w.org\/{rel}","templated":true}]}}