{"id":41213,"date":"2019-05-11T11:48:21","date_gmt":"2019-05-11T08:48:21","guid":{"rendered":"http:\/\/infois.ro\/?p=41213"},"modified":"2019-05-13T11:50:25","modified_gmt":"2019-05-13T08:50:25","slug":"prietenie-franco-romana-la-colegiul-national-emil-racovita-din-iasi","status":"publish","type":"post","link":"https:\/\/infois.ro\/?p=41213","title":{"rendered":"Prietenie  franco-rom\u00e2n\u0103 la Colegiul Na\u021bional ,,Emil Racovi\u021b\u0103\u2019\u2019 din Ia\u0219i"},"content":{"rendered":"<p><a href=\"http:\/\/infois.ro\/wp-content\/uploads\/2014\/05\/colegiul-racovita.jpg\"><img loading=\"lazy\" decoding=\"async\" class=\"alignleft  wp-image-11125\" src=\"http:\/\/infois.ro\/wp-content\/uploads\/2014\/05\/colegiul-racovita.jpg\" alt=\"\" width=\"358\" height=\"268\" srcset=\"https:\/\/infois.ro\/wp-content\/uploads\/2014\/05\/colegiul-racovita.jpg 640w, https:\/\/infois.ro\/wp-content\/uploads\/2014\/05\/colegiul-racovita-300x224.jpg 300w\" sizes=\"(max-width: 358px) 100vw, 358px\" \/><\/a><\/p>\n<p style=\"text-align: justify;\">\u00cen perioada 10 \u2013 17 mai 2019, \u00a0Colegiul Na\u021bional ,,Emil Racovi\u021b\u0103\u2019\u2019 din Ia\u0219i este gazda unui grup de 24 de elevi \u0219i 4 profesori de la Liceul S\u00e9vign\u00e9 din ora\u0219ul Cesson- S\u00e9vign\u00e9, Rennes din Fran\u021ba. Evenimentul\u00a0 se desf\u0103\u0219oar\u0103 \u00een cadrul proiectului \u201eHermes\u201d, a c\u0103rui ini\u021biatoare este \u00a0profesoara \u00a0\u0218tefania Iliescu de la liceul francez men\u021bionat, fost\u0103 absolvent\u0103 a Colegiului \u201eRacovi\u021b\u0103.<\/p>\n<p style=\"text-align: justify;\">Parteneriatul a \u00eenceput \u00een septembrie 2017, iar \u00een anul \u0219colar 2017-2018 elevii rom\u00e2ni \u0219i cei francezi au colaborat la elaborarea\u00a0 unor materiale digitale pe diferite teme, acestea fiind reunite \u00eentr-un site al proiectului, care a permis schimbul reciproc de valori \u0219i intercunoa\u0219terea. \u00cen septembrie 2018, a avut loc vizita grupului de la \u201eRacovi\u021b\u0103\u201d \u00een Fran\u021ba, prilej pentru elevii \u0219i profesorii rom\u00e2ni de a \u00een\u021belege viziunea partenerilor francezi asupra educa\u021biei \u0219i de a cunoa\u0219te o parte din trecutul \u0219i din prezentul Bretaniei.<\/p>\n<p style=\"text-align: justify;\">\u00cen s\u0103pt\u0103m\u00e2na 10 \u2013 17 mai, partenerii francezi vor participa la activit\u0103\u021bile propuse de elevii rom\u00e2ni \u0219i de coordonatorii proiectului, profesorii Emanuela Cerchez \u0219i Marinel \u0218erban. Acestea cuprind un tur al\u00a0 Colegiului \u201eRacovi\u021b\u0103\u201d, activit\u0103\u021bi didactice \u0219i educative pe diferite teme, un concert sus\u021binut de elevii racovi\u021bi\u0219ti, vizit\u0103 la Prim\u0103rie \u0219i la alte obiective turistice ale Ia\u0219ului, cu prilejul unui tur al ora\u0219ului. De asemenea, elevii implica\u021bi \u00een proiect \u0219i profesorii coordonatori vor face o excursie de dou\u0103 zile \u00een Bucovina, care se dore\u0219te a fi o incursiune \u00een Rom\u00e2nia tradi\u021bional\u0103.<\/p>\n<p style=\"text-align: justify;\">Toate activit\u0103\u021bile de la aceast\u0103 edi\u021bie a proiectului \u201eHermes\u201d vor urm\u0103ri schimbul cultural reciproc realizat \u00een mod direct, cu scopul principal de a-i face pe adolescen\u021bii participan\u021bi s\u0103-\u0219i descopere autenticitatea v\u00e2rstei \u00een cadrul aceleia\u0219i genera\u021bii, dar \u0219i s\u0103 \u00een\u021beleag\u0103 \u00een ce const\u0103 specificul locurilor natale \u00een diversitatea spa\u021biului european.<\/p>\n","protected":false},"excerpt":{"rendered":"<p>\u00cen perioada 10 \u2013 17 mai 2019, \u00a0Colegiul Na\u021bional ,,Emil Racovi\u021b\u0103\u2019\u2019 din Ia\u0219i este gazda&#8230; <a class=\"meta-more\" href=\"https:\/\/infois.ro\/?p=41213\">more <span class=\"meta-nav\">&raquo;<\/span><\/a><\/p>\n","protected":false},"author":2,"featured_media":11125,"comment_status":"closed","ping_status":"closed","sticky":false,"template":"","format":"standard","meta":{"footnotes":""},"categories":[12,41],"tags":[74,932,40,12182,3112,12183],"aioseo_notices":[],"_links":{"self":[{"href":"https:\/\/infois.ro\/index.php?rest_route=\/wp\/v2\/posts\/41213"}],"collection":[{"href":"https:\/\/infois.ro\/index.php?rest_route=\/wp\/v2\/posts"}],"about":[{"href":"https:\/\/infois.ro\/index.php?rest_route=\/wp\/v2\/types\/post"}],"author":[{"embeddable":true,"href":"https:\/\/infois.ro\/index.php?rest_route=\/wp\/v2\/users\/2"}],"replies":[{"embeddable":true,"href":"https:\/\/infois.ro\/index.php?rest_route=%2Fwp%2Fv2%2Fcomments&post=41213"}],"version-history":[{"count":1,"href":"https:\/\/infois.ro\/index.php?rest_route=\/wp\/v2\/posts\/41213\/revisions"}],"predecessor-version":[{"id":41214,"href":"https:\/\/infois.ro\/index.php?rest_route=\/wp\/v2\/posts\/41213\/revisions\/41214"}],"wp:featuredmedia":[{"embeddable":true,"href":"https:\/\/infois.ro\/index.php?rest_route=\/wp\/v2\/media\/11125"}],"wp:attachment":[{"href":"https:\/\/infois.ro\/index.php?rest_route=%2Fwp%2Fv2%2Fmedia&parent=41213"}],"wp:term":[{"taxonomy":"category","embeddable":true,"href":"https:\/\/infois.ro\/index.php?rest_route=%2Fwp%2Fv2%2Fcategories&post=41213"},{"taxonomy":"post_tag","embeddable":true,"href":"https:\/\/infois.ro\/index.php?rest_route=%2Fwp%2Fv2%2Ftags&post=41213"}],"curies":[{"name":"wp","href":"https:\/\/api.w.org\/{rel}","templated":true}]}}