{"id":41249,"date":"2019-05-14T11:22:38","date_gmt":"2019-05-14T08:22:38","guid":{"rendered":"http:\/\/infois.ro\/?p=41249"},"modified":"2019-05-14T11:22:38","modified_gmt":"2019-05-14T08:22:38","slug":"adictia-de-tehnologie-la-adolescenti","status":"publish","type":"post","link":"https:\/\/infois.ro\/?p=41249","title":{"rendered":"Adic\u0163ia de tehnologie la adolescen\u0163i"},"content":{"rendered":"<p><a href=\"http:\/\/infois.ro\/wp-content\/uploads\/2019\/05\/TAA-Project-Logo.jpg\"><img loading=\"lazy\" decoding=\"async\" class=\"alignleft  wp-image-41252\" src=\"http:\/\/infois.ro\/wp-content\/uploads\/2019\/05\/TAA-Project-Logo.jpg\" alt=\"\" width=\"367\" height=\"345\" srcset=\"https:\/\/infois.ro\/wp-content\/uploads\/2019\/05\/TAA-Project-Logo.jpg 640w, https:\/\/infois.ro\/wp-content\/uploads\/2019\/05\/TAA-Project-Logo-300x282.jpg 300w\" sizes=\"(max-width: 367px) 100vw, 367px\" \/><\/a><\/p>\n<p style=\"text-align: justify;\">Liceul Tehnologic Economic \u201eVirgil Madgearu\u201d Ia\u015fi, \u00een calitate de partener \u00een cadrul parteneriatului strategic Erasmus+ KA229 <strong>\u201eAdic\u0163ia de tehnologie la adolescen\u0163i\u201d<\/strong> finan\u0163at prin Programul Erasmus+, Ac\u0163iunea Cheie 2, organizeaz\u0103 \u00een perioada 13 &#8211; 18 mai 2019 a doua \u00eent\u00e2lnire transna\u0163ional\u0103 pentru elevi cu tema \u201eAdic\u0163ia de re\u0163ele sociale \u015fi comunicare \u00een mediul virtual\u201d. La aceast\u0103 \u00eent\u00e2lnire vor participa 30 de elevi \u015fi 10 profesori din cele cinci \u015fcoli partenere: Nazilli Mehmet Akif Ersoy Anadolu Lisesi \u2013 Nazilli, Turcia (coordonator), Instituto Ense\u00f1anza Secundaria La Rosaleda \u2013 Malaga, Spania, Istituto di Istruzione Secondaria \u201eDaniele Crespi\u201d \u2013 Busto Arsizio, Italia, R\u012bgas 18. vakara (mai\u0146u) vidusskola \u2013 R\u012bga, Letonia, PG 3 \u201eStefan Tsanov\u201d \u2013 Knezha, Bulgaria, al\u0103turi de elevii \u015fi profesorii rom\u00e2ni.<\/p>\n<p style=\"text-align: justify;\">Dac\u0103 la prim\u0103 \u00eent\u00e2lnire g\u0103zduit\u0103 de partenerul spaniol s-a dezb\u0103tut problema \u201eAdic\u0163iei de jocuri video\u201d, cea de-a doua \u00eent\u00e2lnire vizeaz\u0103 o problem\u0103 foarte des \u00eent\u00e2lnit\u0103 ast\u0103zi, \u015fi nu doar \u00een r\u00e2ndul tinerilor, \u015fi care afecteaz\u0103 comportamentul nostru social \u015fi comunicarea cu ceilal\u0163i.<\/p>\n<p style=\"text-align: justify;\">Programul \u00eent\u00e2lnirii cuprinde activit\u0103\u0163i diverse, axate pe intercunoa\u015ftere \u015fi marketing personal, seminarul: \u201eTehnici de comunicare specifice procesului de intercunoa\u015ftere\u201d, creare de mesaje pentru combaterea adic\u0163iei de social media, o vizit\u0103 de studiu \u00een Gr\u0103dina Botanic\u0103 \u015fi excursia de studiu \u00een Nordul Moldovei (Gura Humorului, M\u0103n\u0103stirea Vorone\u0163, Salina Cacica, Cetatea Sucevei).<\/p>\n<p style=\"text-align: justify;\">O abordare diferen\u0163iat\u0103 a acestui tip de adic\u0163ie se va realiza \u00een cadrul workshop-ului international \u201eOnline Communication\u201d, care se va desf\u0103\u015fura miercuri, 15 mai, \u00eentre orele 14.00 \u015fi 15.30 \u00een Aula Magna \u201eCarmen Sylva\u201d a Universit\u0103\u0163ii Tehnice \u201eGheorghe Asachi\u201d, la care vor participa ca invita\u0163i, al\u0103turi de elevii \u015fi profesorii implica\u0163i \u00een proiect, \u015fi dna Gabriela Conea, inspector \u015fcolar pentru proiecte educa\u0163ionale \u015fi coordonator al proiectului Erasmus+ \u201cLog On Back to Life\u201d, dna Anca Teutu, Business Development Manager &#8211; Quartz Matrix, \u015fi dl Ioan Stoleru, profesor asociat la Facultatea de Litere (Jurnalism).<\/p>\n<p style=\"text-align: justify;\">Toate aceste activit\u0103\u0163i urm\u0103resc s\u0103 atrag\u0103 aten\u0163ia asupra abuzului de comunicare \u00een spa\u0163iul virtual, care conduce la \u00eenstr\u0103inare \u015fi izolare social\u0103, \u015fi s\u0103 ofere adolescen\u0163ilor alternative de petrecere a timpului liber de calitate.<\/p>\n<p style=\"text-align: justify;\">\u201eTema acestui parteneriat strategic este una de maxim interes, pentru to\u0163i factorii implica\u0163i direct \u00een educa\u0163ie, elevi, profesori, p\u0103rin\u0163i, iar astfel de activit\u0103\u0163i faciliteaz\u0103 schimbul de bune practici cu institu\u0163ii similare din Europa, astfel \u00eenc\u00e2t nu doar s\u0103 tragem un semnal de alarm\u0103, ci \u015fi s\u0103 identific\u0103m \u015fi s\u0103 punem \u00een practic\u0103 strategii de combatere a tehnologiz\u0103rii excesive. \u00cen plus, av\u00e2nd \u00een vedere numeroasele proiecte europene implementate de c\u0103tre \u015fcoala noastr\u0103, ne-am propus ca perioada 6 mai \u2013 6 iunie 2019 s\u0103 fie dedicat\u0103 promov\u0103rii rezultatelor realizate \u00een cadrul celor patru proiecte pe care le derul\u0103m \u00een acest \u015fcolar, dar \u015fi oportunit\u0103\u0163ilor de dezvoltare personal\u0103 \u015fi profesional\u0103 pe care le pot fructifica elevii no\u015ftri prin implicarea \u00een diferitele ini\u0163iative. Reunite sub titlul ACT 4 Europe, \u00een aceast\u0103 perioad\u0103 vom derula activit\u0103\u0163i de diseminare \u015fi exploatare a rezultatelor, de promovare a valorilor europene, de con\u015ftientizare a drepturilor \u015fi obliga\u0163iilor noastre ca cet\u0103\u0163eni europeni, astfel \u00eenc\u00e2t elevii Liceului Tehnologic Economic \u00abVirgil Madgearu\u00bb s\u0103 se implice activ \u015fi responsabil \u00a0\u00een comunitatea lor\u201d, a declarat prof. dr. Laura Maria C\u00e2rstea, directorul liceului.<\/p>\n","protected":false},"excerpt":{"rendered":"<p>Liceul Tehnologic Economic \u201eVirgil Madgearu\u201d Ia\u015fi, \u00een calitate de partener \u00een cadrul parteneriatului strategic Erasmus+&#8230; <a class=\"meta-more\" href=\"https:\/\/infois.ro\/?p=41249\">more <span class=\"meta-nav\">&raquo;<\/span><\/a><\/p>\n","protected":false},"author":2,"featured_media":41252,"comment_status":"closed","ping_status":"closed","sticky":false,"template":"","format":"standard","meta":{"footnotes":""},"categories":[12,41],"tags":[74,12189,40,928,6214,4093],"aioseo_notices":[],"_links":{"self":[{"href":"https:\/\/infois.ro\/index.php?rest_route=\/wp\/v2\/posts\/41249"}],"collection":[{"href":"https:\/\/infois.ro\/index.php?rest_route=\/wp\/v2\/posts"}],"about":[{"href":"https:\/\/infois.ro\/index.php?rest_route=\/wp\/v2\/types\/post"}],"author":[{"embeddable":true,"href":"https:\/\/infois.ro\/index.php?rest_route=\/wp\/v2\/users\/2"}],"replies":[{"embeddable":true,"href":"https:\/\/infois.ro\/index.php?rest_route=%2Fwp%2Fv2%2Fcomments&post=41249"}],"version-history":[{"count":1,"href":"https:\/\/infois.ro\/index.php?rest_route=\/wp\/v2\/posts\/41249\/revisions"}],"predecessor-version":[{"id":41253,"href":"https:\/\/infois.ro\/index.php?rest_route=\/wp\/v2\/posts\/41249\/revisions\/41253"}],"wp:featuredmedia":[{"embeddable":true,"href":"https:\/\/infois.ro\/index.php?rest_route=\/wp\/v2\/media\/41252"}],"wp:attachment":[{"href":"https:\/\/infois.ro\/index.php?rest_route=%2Fwp%2Fv2%2Fmedia&parent=41249"}],"wp:term":[{"taxonomy":"category","embeddable":true,"href":"https:\/\/infois.ro\/index.php?rest_route=%2Fwp%2Fv2%2Fcategories&post=41249"},{"taxonomy":"post_tag","embeddable":true,"href":"https:\/\/infois.ro\/index.php?rest_route=%2Fwp%2Fv2%2Ftags&post=41249"}],"curies":[{"name":"wp","href":"https:\/\/api.w.org\/{rel}","templated":true}]}}