{"id":41324,"date":"2019-05-16T06:51:53","date_gmt":"2019-05-16T03:51:53","guid":{"rendered":"http:\/\/infois.ro\/?p=41324"},"modified":"2019-05-17T06:57:20","modified_gmt":"2019-05-17T03:57:20","slug":"targul-regional-al-firmelor-de-exercitiu-pasi-spre-succes","status":"publish","type":"post","link":"https:\/\/infois.ro\/?p=41324","title":{"rendered":"T\u00e2rgul Regional al Firmelor de Exerci\u021biu \u201dPa\u0219i spre succes\u201d"},"content":{"rendered":"<p><a href=\"http:\/\/infois.ro\/wp-content\/uploads\/2019\/05\/firma.jpg\"><img loading=\"lazy\" decoding=\"async\" class=\"alignleft  wp-image-41325\" src=\"http:\/\/infois.ro\/wp-content\/uploads\/2019\/05\/firma.jpg\" alt=\"\" width=\"315\" height=\"210\" srcset=\"https:\/\/infois.ro\/wp-content\/uploads\/2019\/05\/firma.jpg 640w, https:\/\/infois.ro\/wp-content\/uploads\/2019\/05\/firma-300x200.jpg 300w\" sizes=\"(max-width: 315px) 100vw, 315px\" \/><\/a><\/p>\n<p style=\"text-align: justify;\">\u00cen data de 11 Mai 2019 s-a desf\u0103\u0219urat la Ia\u0219i, T\u00e2rgul Regional al Firmelor de Exerci\u021biu \u201dPa\u0219i spre succes\u201d, edi\u021bia a VI a, cu participarea a peste 90 de firme de exerci\u021biu din \u021bar\u0103: prezentarea firmelor de exerci\u021biu \u00een limba \u00a0rom\u00e2n\u0103 \u0219i \u00een limba englez\u0103, tranzac\u021bii, stand, site, materiale promo\u021bionale \u0219i catalog.<\/p>\n<p style=\"text-align: justify;\">La eveniment au participat cinci din cele 50 firme de exerci\u021biu constituite \u00een cadrul proiectului <strong><em>\u201dMultiplicarea metodelor de Educa\u021bie \u0219i a Competen\u021belor prin Adaptarea la Nevoile Industriilor Competitive &#8211; EMPLOY MECHANICS! ID 108847 \u201d, <\/em><\/strong>proiect implementat de Inspectoratul \u0218colar Jude\u021bean Ia\u0219i. Proiectul are drept scop facilitarea accesului pe pia\u021ba muncii pentru 334 de elevi din 20 \u0219coli din \u00eenv\u0103\u021b\u0103m\u00e2ntul preuniversitar cu profil mecanic, din jude\u021bul Ia\u0219i, prin derularea de activit\u0103\u021bi de \u00eenv\u0103\u021bare aferente stagiilor de practica, consilierii si orient\u0103rii profesionale \u0219i\u00a0 \u00eenregistr\u0103rii si dezvolt\u0103rii firmelor de exerci\u021biu. \u00cen cadrul activit\u0103\u021bilor\u00a0 de proiect elevii sunt implica\u021bi \u00een diferite situa\u021bii de \u00eenv\u0103\u021bare \u00een vederea descoperirii poten\u021bialului personal privind posibilitatea ini\u021bierii unei afaceri, pentru dezvoltarea abilit\u0103\u021bilor, deprinderilor \u0219i competen\u021belor necesare transpunerii \u00een practic\u0103 a unei idei de afacere. Exersarea antreprenorialului constituie o necesitate \u00een modernismul actual, \u00eentruc\u00e2t beneficiarii proiectului sunt responsabiliza\u021bi \u00een ceea ce prive\u0219te viitorul lor profesional. Activit\u0103\u021bile celor 50 de firme de exerci\u021biu in care activeaz\u0103 cei 334 elevi sunt coordonate de cinci profesori: Prof. Biniuc Carmen, Prof. Mihai Alexandru, Prof. Nistor Aurora, Prof. Voicu Cristiana \u0219i Prof. Purcariu Rodica.<\/p>\n<p style=\"text-align: justify;\">Produsele \u0219i rezultatele prezentate de c\u0103tre firmele de exerci\u021biu: FE MECANOEX SRL, FE AUTO TRUCK SRL, FE UNIREA STEEL SRL, FE MAIU 3D PRINT SRL \u0219i FE CARSTUNING AUTO SRL au fost apreciate cu premii la sec\u021biunile STAND (cupa T\u00e2rgului \u2013 premiul III regional), Men\u021biune &#8211; materiale promo\u021bionale, spot publicitar, catalog si multiple premii speciale \u2013 site, prezentare FE \u00een limba rom\u00e2n\u0103, spot publicitar.<\/p>\n<p style=\"text-align: justify;\"><em>\u201dPrin participarea la acest t\u00e2rg, elevii au demonstrat ini\u021biativ\u0103, creativitate \u0219i spirit de echip\u0103, \u00a0au reu\u0219it, cu succes, s\u0103 pun\u0103 \u00a0\u00een valoare activit\u0103\u021bile realizate \u00een cadrul firmelor de exerci\u021biu constituite prin proiect. Mai mult, domeniul Mecanic\u0103 din \u0219colile ie\u0219ene a avut oportunitatea s\u0103 dezvolte 50 de firme de exerci\u021biu prin prisma <strong>EMPLOY MECHANICS,\u00a0 <\/strong>demonstr\u00e2nd deschidere c\u0103tre nou \u0219i continuitate.\u201d \u00a0<\/em>( Prof. Dr. Genoveva Aurelia Farca\u0219, Inspector \u0218colar General, ISJ Ia\u0219i)<\/p>\n<p style=\"text-align: justify;\"><em>\u00cen mod cert, activit\u0103\u021bile Proiectului \u201dMultiplicarea metodelor de Educa\u021bie \u0219i a Competen\u021belor prin Adaptarea la Nevoile Industriilor Competitive &#8211; EMPLOY MECHANICS!, inclusiv realizarea \u0219i dezvoltarea firmelor de exerci\u021biu contribuie la realizarea obiectivelor POCU 2014-2020 \u00a0precum: dezvoltarea resurselor umane prin cre\u0219terea accesului la un sistem de educa\u021bie \u0219i formare profesional\u0103 de calitate, stimularea ocup\u0103rii tinerilor, cre\u0219terea num\u0103rului absolven\u021bilor de \u00eenv\u0103\u021b\u0103m\u00e2nt secundar si ter\u021biar non-universitar care-\u0219i g\u0103sesc un loc de munc\u0103, stimularea particip\u0103rii la programe de \u00eenv\u0103\u021bare la locul de munca a elevilor \u0219i ucenicilor din \u00eenv\u0103\u021b\u0103m\u00e2ntul secundar \u0219i ter\u021biar non-universitar. \u00cen acela\u0219i timp, constituirea \u0219i dezvoltarea firmelor de exerci\u021biu va genera un efect pozitiv pe termen lung prin integrarea pe pia\u021ba muncii a cel pu\u021bin 147 de persoane<\/em>\u201d, (Prof. Bogdan Gabriel B\u00e2rzoi, managerul proiectului , Inspector \u0218colar General Adjunct)<\/p>\n<p style=\"text-align: justify;\"><em>\u201d Interesul major pentru formarea de competen\u021be profesionale, implicarea dinamic\u0103, creativitatea\u00a0 \u0219i spiritul de echip\u0103 au fost cuantificate \u00een cadrul acestui eveniment \u0219i merit\u0103 felicit\u0103ri \u201d (Prof. Dr. Cecilia Foia, Coordonator stagii practic\u0103.).<\/em><\/p>\n<p style=\"text-align: justify;\"><em>\u201dDe la deschiderea proiectului \u0219i p\u00e2n\u0103 \u00een prezent, workshop-urile organizate, colegii resurs\u0103, aplicarea atent\u0103 a tuturor cuno\u0219tin\u021belor practice, colaborarea str\u00e2ns\u0103 cu Centrala Firmelor de Exerci\u021biu ROCT \u0219i numeroasele materiale lucrate de elevi ne ofer\u0103 un sentiment de bucurie \u0219i m\u00e2ndrie\u201d<\/em> (Prof. Rodica Leontie\u0219 Responsabil activit\u0103\u021bi de Antreprenoriat)<\/p>\n","protected":false},"excerpt":{"rendered":"<p>\u00cen data de 11 Mai 2019 s-a desf\u0103\u0219urat la Ia\u0219i, T\u00e2rgul Regional al Firmelor de&#8230; <a class=\"meta-more\" href=\"https:\/\/infois.ro\/?p=41324\">more <span class=\"meta-nav\">&raquo;<\/span><\/a><\/p>\n","protected":false},"author":2,"featured_media":41325,"comment_status":"closed","ping_status":"closed","sticky":false,"template":"","format":"standard","meta":{"footnotes":""},"categories":[12],"tags":[2196,4325,40,313,3112],"aioseo_notices":[],"_links":{"self":[{"href":"https:\/\/infois.ro\/index.php?rest_route=\/wp\/v2\/posts\/41324"}],"collection":[{"href":"https:\/\/infois.ro\/index.php?rest_route=\/wp\/v2\/posts"}],"about":[{"href":"https:\/\/infois.ro\/index.php?rest_route=\/wp\/v2\/types\/post"}],"author":[{"embeddable":true,"href":"https:\/\/infois.ro\/index.php?rest_route=\/wp\/v2\/users\/2"}],"replies":[{"embeddable":true,"href":"https:\/\/infois.ro\/index.php?rest_route=%2Fwp%2Fv2%2Fcomments&post=41324"}],"version-history":[{"count":1,"href":"https:\/\/infois.ro\/index.php?rest_route=\/wp\/v2\/posts\/41324\/revisions"}],"predecessor-version":[{"id":41326,"href":"https:\/\/infois.ro\/index.php?rest_route=\/wp\/v2\/posts\/41324\/revisions\/41326"}],"wp:featuredmedia":[{"embeddable":true,"href":"https:\/\/infois.ro\/index.php?rest_route=\/wp\/v2\/media\/41325"}],"wp:attachment":[{"href":"https:\/\/infois.ro\/index.php?rest_route=%2Fwp%2Fv2%2Fmedia&parent=41324"}],"wp:term":[{"taxonomy":"category","embeddable":true,"href":"https:\/\/infois.ro\/index.php?rest_route=%2Fwp%2Fv2%2Fcategories&post=41324"},{"taxonomy":"post_tag","embeddable":true,"href":"https:\/\/infois.ro\/index.php?rest_route=%2Fwp%2Fv2%2Ftags&post=41324"}],"curies":[{"name":"wp","href":"https:\/\/api.w.org\/{rel}","templated":true}]}}