{"id":41458,"date":"2019-05-22T13:48:33","date_gmt":"2019-05-22T10:48:33","guid":{"rendered":"http:\/\/infois.ro\/?p=41458"},"modified":"2019-05-23T05:51:04","modified_gmt":"2019-05-23T02:51:04","slug":"liceenii-ieseni-initiaza-si-valideaza-idei-de-afaceri-in-cadrul-salonului-proiectelor-de-antreprenoriat","status":"publish","type":"post","link":"https:\/\/infois.ro\/?p=41458","title":{"rendered":"Liceenii ie\u0219eni ini\u021biaz\u0103 \u0219i valideaz\u0103 idei de afaceri \u00een cadrul Salonului proiectelor de antreprenoriat"},"content":{"rendered":"<p><a href=\"http:\/\/infois.ro\/wp-content\/uploads\/2019\/05\/elevi-antreprenori.jpg\"><img loading=\"lazy\" decoding=\"async\" class=\"alignleft  wp-image-41459\" src=\"http:\/\/infois.ro\/wp-content\/uploads\/2019\/05\/elevi-antreprenori.jpg\" alt=\"\" width=\"333\" height=\"250\" srcset=\"https:\/\/infois.ro\/wp-content\/uploads\/2019\/05\/elevi-antreprenori.jpg 640w, https:\/\/infois.ro\/wp-content\/uploads\/2019\/05\/elevi-antreprenori-300x225.jpg 300w\" sizes=\"(max-width: 333px) 100vw, 333px\" \/><\/a><\/p>\n<p style=\"text-align: justify;\">Liceul Teoretic \u201dDimitrie Cantemir\u201d Ia\u0219i, \u00eempreun\u0103 cu Inspectoratul \u0218colar al Jude\u021bului Ia\u0219i, a organizat, pe 21 mai 2019, a VIII-a edi\u021bie a <strong><em>Salonului proiectelor de antreprenoriat<\/em><\/strong>, \u00een parteneriat cu Palas Mall, \u00een cadrul complexului Palas, \u00een sala Mozart. La eveniment au participat 14 echipaje, de la liceele din Ia\u0219i.<\/p>\n<p style=\"text-align: justify;\">Acest concurs, coordonat de prof. Irina \u2013Elena Aporc\u0103ri\u021bei, a debutat \u00een 2010, la Colegiul Tehnic\u201d Dimitrie Leonida\u201d Ia\u0219i, actualul Liceu Tehnologic \u201dDimitrie Leonida\u201d, Ia\u0219i, care, timp de \u0219apte edi\u021bii a organizat aceast\u0103 competi\u021bie, a contribuit la exersarea a peste 100 de afaceri, ini\u021biate de elevi de la toate liceele din Ia\u0219i.<\/p>\n<p style=\"text-align: justify;\"><strong><em>Salonul proiectelor de antreprenoriat<\/em><\/strong> este o competi\u021bie de idei de afaceri, o punte \u00eentre \u0219coal\u0103 \u0219i mediul de afaceri, \u00eentruc\u00e2t vizeaz\u0103 transpunerea \u00een practic\u0103 a informa\u021biilor \u0219i competen\u021belor antreprenoriale dob\u00e2ndite la \u0219coal\u0103.<\/p>\n<p style=\"text-align: justify;\">Formatul concursului este unul atipic, \u00eentruc\u00e2t pe l\u00e2ng\u0103 evaluarea realizat\u0103 de profesori de specialitate, \u00een conformitate cu \u00a0criteriile anun\u021bate \u00een Metodologia de concurs, jurizarea \u0219i consultan\u021ba este oferit\u0103 de oameni de afaceri, care administreaz\u0103 firme \u00een Ia\u0219i. Pe l\u00e2ng\u0103 validarea ideilor \u0219i competi\u021bia dintre echipele participante, to\u021bi cei prezen\u021bi au oportunitatea de a primi informa\u021bii, sugestii \u0219i feed-back de la persoane cu experien\u021b\u0103, care au dezvoltat afaceri \u0219i firme.<\/p>\n<p style=\"text-align: justify;\">Edi\u021bia a VIII-a a <strong><em>Salonului proiectelor de antreprenoriat <\/em><\/strong>\u00a0a primit sus\u021binerea domnului\u00a0 Petric\u0103 Cucutianu, administrator al unei firme din domeniul construc\u021biilor, cu o experien\u021b\u0103 de 12 ani \u00een afaceri \u0219i domnului\u00a0 David Burcovschi, student \u00een anul I, la FEAA , t\u00e2n\u0103r antreprenor \u00een domeniul IT, fost participant \u0219i laureat la Salonul proiectelor de antreprenoriat, Edi\u021bia a VII-a. Expertiza provenind din mediul de afaceri, interven\u021biile reprezentan\u021bilor acestui domeniu, \u00een timpul concursului, au confirmat, validat \u0219i corectat ideile prezentate de tinerii afaceri\u0219ti.<\/p>\n<p style=\"text-align: justify;\">Premian\u021bii concursului sunt : Premiul I elevii Dima Julia-Paola, Pricope Maria, Cojocaru Mina Cristina, Matei \u0218tefana- Eliana, de la Liceul Teoretic \u201dDimitrie Cantemir\u201d Ia\u0219i \u0219i Anton Oana-Maria, Adonicioaie Maria-Carla, Mihalache Radu, de la Liceul Teoretic de Informatic\u0103\u201dGrigore Moisil\u201d, Premiul al II-lea a fost ob\u021binut de echipajele alc\u0103tuite din elevii Popa \u0218tefana Daniela, T\u0103b\u0103ranu Alexandra, Solomon Claudia, de la Colegiul Na\u021bional Ia\u0219i \u0219i Rusu Dorin \u0219i Stoleru\u00a0 Mihai de la Colegiul Tehnic \u201d Gh. M\u00e2rzescu\u201d. Premiul al III-lea a fost ob\u021binut de elevii de la Liceul Tehnologic \u201dVirgil Madgearu\u201d: Tarhon Eduard Andrei, Munteanu Adina, Meclea Andreea, Rusu Ramona Mihaela, Ciobanu Valentin \u0219i de la Liceul Teoretic de Informatic\u0103 \u201d Grigore Moisil\u201d echipajul alc\u0103tuit din elevii R\u0103chieru Lavinia, Lupu\u021boc Andreea, Balan Daria, Ple\u0219can Bogdan, Butuc\u0103 Adrian. Ideile de afaceri prezentate au fost foarte variate, au vizat ini\u021bierea unor afaceri inovatoare \u00een domeniul IT, al produc\u021biei media, alimenta\u021bie s\u0103n\u0103toas\u0103, producerea \u0219i procesarea plantelor aromatice \u0219i medicinale, apicultura, etc. S-au acordat \u0219i men\u021biuni dar \u0219i premii speciale pentru Cea mai bun\u0103 prezentare, Cel mai frumos stand, Cel mai bun plan de afaceri, Cea mai original\u0103 idee de afaceri.<\/p>\n<p style=\"text-align: justify;\">Viziunea acestui concurs este consolidarea\u00a0 rela\u021biilor cu mediul de afaceri \u0219i de a oferi expertiz\u0103, de a crea oportunit\u0103\u021bi pentru elevi \u00een privin\u021ba dezvolt\u0103rii \u0219i exers\u0103rii competen\u021belor antreprenoriale \u00eentr-un cadru c\u00e2t mai \u201dreal\u201d.<\/p>\n","protected":false},"excerpt":{"rendered":"<p>Liceul Teoretic \u201dDimitrie Cantemir\u201d Ia\u0219i, \u00eempreun\u0103 cu Inspectoratul \u0218colar al Jude\u021bului Ia\u0219i, a organizat, pe&#8230; <a class=\"meta-more\" href=\"https:\/\/infois.ro\/?p=41458\">more <span class=\"meta-nav\">&raquo;<\/span><\/a><\/p>\n","protected":false},"author":2,"featured_media":41459,"comment_status":"closed","ping_status":"closed","sticky":false,"template":"","format":"standard","meta":{"footnotes":""},"categories":[12,41],"tags":[74,2195,40,5394,3112],"aioseo_notices":[],"_links":{"self":[{"href":"https:\/\/infois.ro\/index.php?rest_route=\/wp\/v2\/posts\/41458"}],"collection":[{"href":"https:\/\/infois.ro\/index.php?rest_route=\/wp\/v2\/posts"}],"about":[{"href":"https:\/\/infois.ro\/index.php?rest_route=\/wp\/v2\/types\/post"}],"author":[{"embeddable":true,"href":"https:\/\/infois.ro\/index.php?rest_route=\/wp\/v2\/users\/2"}],"replies":[{"embeddable":true,"href":"https:\/\/infois.ro\/index.php?rest_route=%2Fwp%2Fv2%2Fcomments&post=41458"}],"version-history":[{"count":1,"href":"https:\/\/infois.ro\/index.php?rest_route=\/wp\/v2\/posts\/41458\/revisions"}],"predecessor-version":[{"id":41460,"href":"https:\/\/infois.ro\/index.php?rest_route=\/wp\/v2\/posts\/41458\/revisions\/41460"}],"wp:featuredmedia":[{"embeddable":true,"href":"https:\/\/infois.ro\/index.php?rest_route=\/wp\/v2\/media\/41459"}],"wp:attachment":[{"href":"https:\/\/infois.ro\/index.php?rest_route=%2Fwp%2Fv2%2Fmedia&parent=41458"}],"wp:term":[{"taxonomy":"category","embeddable":true,"href":"https:\/\/infois.ro\/index.php?rest_route=%2Fwp%2Fv2%2Fcategories&post=41458"},{"taxonomy":"post_tag","embeddable":true,"href":"https:\/\/infois.ro\/index.php?rest_route=%2Fwp%2Fv2%2Ftags&post=41458"}],"curies":[{"name":"wp","href":"https:\/\/api.w.org\/{rel}","templated":true}]}}