{"id":4182,"date":"2013-02-20T11:10:38","date_gmt":"2013-02-20T09:10:38","guid":{"rendered":"http:\/\/infois.ro\/?p=4182"},"modified":"2013-02-20T11:10:38","modified_gmt":"2013-02-20T09:10:38","slug":"judetul-iasi-va-avea-un-stand-la-editia-din-acest-an-a-targului-de-turism-al-romaniei","status":"publish","type":"post","link":"https:\/\/infois.ro\/?p=4182","title":{"rendered":"Jude\u021bul Ia\u0219i va avea un stand la edi\u021bia din acest an a T\u00e2rgului de Turism al Rom\u00e2niei"},"content":{"rendered":"<p style=\"text-align: justify;\"><a class=\"highslide\" onclick=\"return vz.expand(this)\" href=\"http:\/\/infois.ro\/wp-content\/uploads\/2013\/02\/stand-la-ttr.jpg\"><img loading=\"lazy\" decoding=\"async\" class=\"alignleft size-large wp-image-4183\" title=\"stand la ttr\" src=\"http:\/\/infois.ro\/wp-content\/uploads\/cache\/2013\/02\/stand-la-ttr\/732839593.jpg\" alt=\"\" width=\"480\" height=\"244\" \/><\/a>\u00cen perioada 14-17 martie 2013, la Centrul Expozi\u021bional Romexpo din Bucure\u0219ti va avea loc T\u00e2rgul de Turism al Rom\u00e2niei. Consiliul Jude\u021bean (CJ) I\u0219ai va fi prezent la eveniment cu un stand, de la \u00eenceputul anului \u0219i p\u00e2n\u0103 \u00een prezent fiind stabilit conceptul de prezentare a jude\u021bului. \u201e\u00cei invit pe to\u021bi ie\u0219enii care ar putea s\u0103 vin\u0103 \u00een Bucure\u0219ti \u00een acea perioad\u0103 s\u0103 nu ocoleasc\u0103 standul nostru, pentru a crea vizibilitate \u0219i trafic. Vor fi standuri din partea multor jude\u021be ale Rom\u00e2niei, unele dintre ele zone turistice consacrate. Ia\u0219ul nu este o zon\u0103 cu poten\u021bial turistic \u00een ceea ce prive\u0219te timpul liber, \u00een schimb poten\u021bialul nostru extraordinar se reg\u0103se\u0219te \u00een ceea ce \u00eenseamn\u0103 turismul de evenimente, turismul de business, turismul medical \u0219i, evident, partea de servicii de educa\u021bie\u201d, a declarat Cristian Adomni\u021bei, pre\u0219edintele CJ Ia\u0219i.<\/p>\n","protected":false},"excerpt":{"rendered":"<p>\u00cen perioada 14-17 martie 2013, la Centrul Expozi\u021bional Romexpo din Bucure\u0219ti va avea loc T\u00e2rgul&#8230; <a class=\"meta-more\" href=\"https:\/\/infois.ro\/?p=4182\">more <span class=\"meta-nav\">&raquo;<\/span><\/a><\/p>\n","protected":false},"author":2,"featured_media":4183,"comment_status":"open","ping_status":"closed","sticky":false,"template":"","format":"standard","meta":{"footnotes":""},"categories":[1],"tags":[374,1296,1297],"aioseo_notices":[],"_links":{"self":[{"href":"https:\/\/infois.ro\/index.php?rest_route=\/wp\/v2\/posts\/4182"}],"collection":[{"href":"https:\/\/infois.ro\/index.php?rest_route=\/wp\/v2\/posts"}],"about":[{"href":"https:\/\/infois.ro\/index.php?rest_route=\/wp\/v2\/types\/post"}],"author":[{"embeddable":true,"href":"https:\/\/infois.ro\/index.php?rest_route=\/wp\/v2\/users\/2"}],"replies":[{"embeddable":true,"href":"https:\/\/infois.ro\/index.php?rest_route=%2Fwp%2Fv2%2Fcomments&post=4182"}],"version-history":[{"count":1,"href":"https:\/\/infois.ro\/index.php?rest_route=\/wp\/v2\/posts\/4182\/revisions"}],"predecessor-version":[{"id":4184,"href":"https:\/\/infois.ro\/index.php?rest_route=\/wp\/v2\/posts\/4182\/revisions\/4184"}],"wp:featuredmedia":[{"embeddable":true,"href":"https:\/\/infois.ro\/index.php?rest_route=\/wp\/v2\/media\/4183"}],"wp:attachment":[{"href":"https:\/\/infois.ro\/index.php?rest_route=%2Fwp%2Fv2%2Fmedia&parent=4182"}],"wp:term":[{"taxonomy":"category","embeddable":true,"href":"https:\/\/infois.ro\/index.php?rest_route=%2Fwp%2Fv2%2Fcategories&post=4182"},{"taxonomy":"post_tag","embeddable":true,"href":"https:\/\/infois.ro\/index.php?rest_route=%2Fwp%2Fv2%2Ftags&post=4182"}],"curies":[{"name":"wp","href":"https:\/\/api.w.org\/{rel}","templated":true}]}}