{"id":42098,"date":"2019-06-21T14:16:43","date_gmt":"2019-06-21T11:16:43","guid":{"rendered":"http:\/\/infois.ro\/?p=42098"},"modified":"2019-06-21T17:19:10","modified_gmt":"2019-06-21T14:19:10","slug":"in-acest-week-end-iasul-devine-capitala-modei-din-romania","status":"publish","type":"post","link":"https:\/\/infois.ro\/?p=42098","title":{"rendered":"\u00cen acest week-end, Ia\u015ful devine capitala modei din Rom\u00e2nia"},"content":{"rendered":"<p><a href=\"http:\/\/infois.ro\/wp-content\/uploads\/2019\/06\/festivalul-art-east.jpg\"><img loading=\"lazy\" decoding=\"async\" class=\"alignleft wp-image-42099\" src=\"http:\/\/infois.ro\/wp-content\/uploads\/2019\/06\/festivalul-art-east.jpg\" alt=\"\" width=\"348\" height=\"261\" srcset=\"https:\/\/infois.ro\/wp-content\/uploads\/2019\/06\/festivalul-art-east.jpg 640w, https:\/\/infois.ro\/wp-content\/uploads\/2019\/06\/festivalul-art-east-300x225.jpg 300w\" sizes=\"(max-width: 348px) 100vw, 348px\" \/><\/a><\/p>\n<p style=\"text-align: justify;\">\u00cen organizarea Casei de Cultur\u0103 a Studen\u0163ilor (CCS), \u00een perioada 21-23 iunie, la Ia\u015fi se desf\u0103\u0163oar\u0103 cea de-a IV-a edi\u0163ie a Festivalului Interna\u0163ional de Crea\u021bie Vestimentar\u0103 \u201dART EAST\u201d, eveniment destinat tinerilor designeri \u015fi modele din Rom\u00e2nia \u015fi Republica Moldova. Manifestarea, finan\u0163at\u0103 de Ministerul Tineretului \u015fi Sportului, va avea loc la Gr\u0103dina Palas Mall (vineri, 21 iunie, d ela ora 20.00) \u015fi, respectiv,\u00a0 \u00een Sala Foayer a Casei de Cultur\u0103 a Studen\u0163ilor (s\u00e2mb\u0103t\u0103, 22 iunie, ora 20.00). Juriul de specialitate, al c\u0103rui pre\u015fedinte a fost desemnat \u00een acest an cunoscutul designer roman Stephan Pelger, va acorda mai multe premii speciale pentru cele mai originale, \u00eendr\u0103zne\u0163e \u0219i coerente \u0163inute. \u00cen premier\u0103, \u00een acest an, organizatorii vor acorda un premiu special pentru cea mai creativ\u0103 \u021binut\u0103 pe tema \u201dIa\u0219i &#8211; Capitala Tineretului din Rom\u00e2nia\u201d. \u201cPrima zi, care se va desf\u0103\u015fura \u00een Gr\u0103dina Palas Mall, este destinat\u0103 modelelor, \u00een cadrul Galei East Models Award, ocazie \u00een care publicul va avea ocazia de a le vedea urc\u00e2nd pe scen\u0103 pe cele care aspir\u0103 la statutul de model, prezent\u00e2nd crea\u0163ii inedite, semnate de tineri designeri din \u0163ar\u0103 \u015fi str\u0103in\u0103tate. Ziua a doua va fi destinat\u0103 concursului propriu-zis de design vestimentar, care va avea cinci sec\u0163iuni. La final va avea loc Gala absolven\u0163ilor d ela UAIC\u201d, a declarat Diana Mihai, director ART EAST. Stephan Pelger, pre\u015fedintele juriului edi\u0163iei din acest an a Festivalului Interna\u0163ional de Crea\u0163ie Vestimentare \u201cART EAST\u201d, a spus c\u0103 este foarte emo\u0163ionat c\u0103 revine la Ia\u015fi, ora\u015ful \u00een care \u00een urm\u0103 cu 15 ani \u015fi-a f\u0103cut debutul, ca designer, \u00een lumea modei. \u201cM\u0103 bucur c\u0103 am g\u0103sit aici, la Ia\u015fi, un grup de oameni tineri \u015fi foarte talenta\u0163i, care doresc s\u0103 se afirme \u00een domeniul designerului vestimentar\u201d, a men\u0163ionat Stephan Pelger. Festivalul Interna\u0163ional de Crea\u021bie Vestimentar\u0103 \u201dART EAST\u201d a reprezentat \u00eenc\u0103 de la prima edi\u021bie o platform\u0103 de lansare \u0219i promovare a tinerilor designeri \u00een industria extrem de competitiv\u0103 a modei.<\/p>\n<p style=\"text-align: justify;\"><strong><em>Programul festivalului<\/em><\/strong><\/p>\n<p style=\"text-align: justify;\">* vineri, 21 iunie, ora 20:00 &#8211; Gala East Models Awards- Palas Ia\u0219i<\/p>\n<p style=\"text-align: justify;\">\u00cen fiecare var\u0103, gr\u0103dina Palas devine decorul fabulos, ales de organizatori \u0219i designeri pentru a pune \u00een scen\u0103 Gala East Models Awards. Crea\u021biile inedite, modelele de poveste, designerii interna\u021bionali \u0219i publicul participativ anim\u0103 timp de trei ore gr\u0103dina din spatele Palatului Culturii \u0219i creeaz\u0103 o atmosfer\u0103 desprins\u0103 din revistele de mod\u0103.<\/p>\n<p style=\"text-align: justify;\">* s\u00e2mb\u0103t\u0103, 22 iunie, ora 20:00 &#8211; Concurs ART EAST &#8211; Casa de Cultur\u0103 a Studen\u021bilor din Ia\u0219i<\/p>\n<p style=\"text-align: justify;\">\u00cen cadrul competi\u021biei vor participa studen\u021bi designeri din Ia\u0219i, Chi\u0219in\u0103u, Bra\u0219ov, Cluj-Napoca, Pite\u0219ti \u0219i Bucure\u0219ti. Concursul cuprinde cinci sec\u021biuni de participare, care vor fi premiate cu locul I, II \u0219i III \u0219i Marele Premiu.<\/p>\n<p style=\"text-align: justify;\">Sec\u021biuni:<\/p>\n<ol style=\"text-align: justify;\">\n<li>Design vestimentar- individual<\/li>\n<li>Design vestimentar &#8211; grup<\/li>\n<li>Show<\/li>\n<li>Modele<\/li>\n<li>Ia\u0219i-Capitala Tineretului<\/li>\n<\/ol>\n<p style=\"text-align: justify;\">Gala Absolven\u021bilor de la specializarea \u201cDesign Vestimentar\u201d din cadrul Universit\u0103\u021bii Na\u021bionale de Arte \u201eGeorge Enescu\u201c din Ia\u0219i, ora 21.30, Casa de Cultur\u0103 a Studen\u021bilor din Ia\u0219i. \u00cen cadrul acestui eveniment tinerii absolven\u021bi \u00ee\u0219i vor prezenta lucr\u0103rile de licen\u021b\u0103 \u0219i diserta\u021bie.<\/p>\n","protected":false},"excerpt":{"rendered":"<p>\u00cen organizarea Casei de Cultur\u0103 a Studen\u0163ilor (CCS), \u00een perioada 21-23 iunie, la Ia\u015fi se&#8230; <a class=\"meta-more\" href=\"https:\/\/infois.ro\/?p=42098\">more <span class=\"meta-nav\">&raquo;<\/span><\/a><\/p>\n","protected":false},"author":2,"featured_media":42099,"comment_status":"closed","ping_status":"closed","sticky":false,"template":"","format":"standard","meta":{"footnotes":""},"categories":[41,60],"tags":[74,12372,4067,70,40,3670],"aioseo_notices":[],"_links":{"self":[{"href":"https:\/\/infois.ro\/index.php?rest_route=\/wp\/v2\/posts\/42098"}],"collection":[{"href":"https:\/\/infois.ro\/index.php?rest_route=\/wp\/v2\/posts"}],"about":[{"href":"https:\/\/infois.ro\/index.php?rest_route=\/wp\/v2\/types\/post"}],"author":[{"embeddable":true,"href":"https:\/\/infois.ro\/index.php?rest_route=\/wp\/v2\/users\/2"}],"replies":[{"embeddable":true,"href":"https:\/\/infois.ro\/index.php?rest_route=%2Fwp%2Fv2%2Fcomments&post=42098"}],"version-history":[{"count":1,"href":"https:\/\/infois.ro\/index.php?rest_route=\/wp\/v2\/posts\/42098\/revisions"}],"predecessor-version":[{"id":42100,"href":"https:\/\/infois.ro\/index.php?rest_route=\/wp\/v2\/posts\/42098\/revisions\/42100"}],"wp:featuredmedia":[{"embeddable":true,"href":"https:\/\/infois.ro\/index.php?rest_route=\/wp\/v2\/media\/42099"}],"wp:attachment":[{"href":"https:\/\/infois.ro\/index.php?rest_route=%2Fwp%2Fv2%2Fmedia&parent=42098"}],"wp:term":[{"taxonomy":"category","embeddable":true,"href":"https:\/\/infois.ro\/index.php?rest_route=%2Fwp%2Fv2%2Fcategories&post=42098"},{"taxonomy":"post_tag","embeddable":true,"href":"https:\/\/infois.ro\/index.php?rest_route=%2Fwp%2Fv2%2Ftags&post=42098"}],"curies":[{"name":"wp","href":"https:\/\/api.w.org\/{rel}","templated":true}]}}