{"id":42262,"date":"2019-07-04T15:56:44","date_gmt":"2019-07-04T12:56:44","guid":{"rendered":"http:\/\/infois.ro\/?p=42262"},"modified":"2019-07-05T06:00:31","modified_gmt":"2019-07-05T03:00:31","slug":"74-de-educatori-parentali-au-fost-formati-in-cadrul-proiectului-scoli-prietenoase-in-comunitati-implicate","status":"publish","type":"post","link":"https:\/\/infois.ro\/?p=42262","title":{"rendered":"74 de educatori parentali au fost forma\u021bi  \u00een cadrul proiectului \u201e\u0218coli prietenoase \u00een comunit\u0103\u021bi implicate\u201d"},"content":{"rendered":"<p><a href=\"http:\/\/infois.ro\/wp-content\/uploads\/2019\/07\/educatie-parentala.jpg\"><img loading=\"lazy\" decoding=\"async\" class=\"alignleft  wp-image-42263\" src=\"http:\/\/infois.ro\/wp-content\/uploads\/2019\/07\/educatie-parentala.jpg\" alt=\"\" width=\"375\" height=\"281\" srcset=\"https:\/\/infois.ro\/wp-content\/uploads\/2019\/07\/educatie-parentala.jpg 640w, https:\/\/infois.ro\/wp-content\/uploads\/2019\/07\/educatie-parentala-300x225.jpg 300w\" sizes=\"(max-width: 375px) 100vw, 375px\" \/><\/a><\/p>\n<p style=\"text-align: justify;\">74 de cadre didactice au fost formate ca educatori parentali \u00een cadrul proiectului\u00a0\u201e\u0218coli prietenoase \u00een comunit\u0103\u021bi implicate\u201d\u00a0\u2013 POCU 106616, implementat de Inspectoratul \u0218colar Jude\u021bean Ia\u0219i \u00een parteneriat cu Asocia\u021bia HoltIS \u0219i Funda\u021bia COTE.<\/p>\n<p style=\"text-align: justify;\">Programul de formare a educatorilor parentali cu titlul\u00a0\u201eCum ne antren\u0103m parentingul apreciativ\u201d,\u00a0realizat de Asocia\u021bia HoltIS, vine \u00een sprijinul p\u0103rin\u021bilor, \u00een vederea \u00eembun\u0103t\u0103\u021birii \u0219i dezvolt\u0103rii abilit\u0103\u021bilor parentale.<\/p>\n<p style=\"text-align: justify;\">\u00cen cadrul proiectului\u00a0\u201e\u0218coli prietenoase \u00een comunit\u0103\u021bi implicate\u201d,\u00a0programul de formare a educatorilor parentali\u00a0\u201eCum ne antren\u0103m parentingul apreciativ\u201d,\u00a0se desf\u0103\u0219oar\u0103 \u00een toate cele 6 comunit\u0103\u021bi implicate: H\u00e2rl\u0103u, Podu Iloaiei, R\u0103duc\u0103neni, Erbiceni, Deleni \u0219i P\u00eercovaci.<\/p>\n<p style=\"text-align: justify;\">Formarea teoretic\u0103 a celor 74 de cadre didactice s-a desf\u0103\u0219urat la Roman, \u00een jude\u021bul Neam\u021b, fiind organizat\u0103 \u00een 4 serii de formare a c\u00e2te 4 zile fiecare, unde cadrele didactice participante au parcurs temele cuprinse \u00een curriculum dezvoltat de Asocia\u021bia HoltIS, cu accent pe activit\u0103\u021bi practice \u0219i jocuri de rol.<\/p>\n<p style=\"text-align: justify;\">Cursurile de formare teoretic\u0103 s-au desf\u0103\u0219urat \u00een perioada martie-aprilie 2019, urm\u00e2nd ca din luna septembrie 2019 cursurile de educa\u021bie parental\u0103 s\u0103 se desf\u0103\u0219oare \u00een cele 6 comunit\u0103\u021bi vizate de proiect.<\/p>\n<p style=\"text-align: justify;\">\u00a0\u201eEduca\u021bia parental\u0103 este o activitate care pune \u00een centru p\u0103rintele \u0219i dorin\u021bele sale de a se implica \u00een cre\u0219terea \u0219i dezvoltarea copilului, de a-\u0219i dezvolta abilit\u0103\u021bile parentale necesare pentru a-i asigura copilului c\u00e2t mai multe \u0219anse de a-\u0219i atinge poten\u021bialul.\u201d a punctat Prof. Univ. Dr. \u0218tefan COJOCARU, Coordonator Partener 1, Asocia\u021bia Holtis.<\/p>\n<p style=\"text-align: justify;\"><b>Ce este educa\u021bia parental\u0103 \u0219i de ce este util\u0103?<\/b><\/p>\n<p style=\"text-align: justify;\">\u00a0Educa\u021bia parental\u0103, ca forma de interven\u021bie social\u0103, urm\u0103re\u0219te s\u0103 transmit\u0103 p\u0103rin\u021bilor, prin intermediul cursurilor la care ace\u0219tia particip\u0103, cuno\u0219tin\u021be \u0219i informa\u021bii cu scopul dezvolt\u0103rii abilit\u0103\u021bilor \u0219i competen\u021belor parentale care sunt eficiente pe termen lung.<\/p>\n<p style=\"text-align: justify;\">\u00a0Odat\u0103 cu dezvoltarea programelor de educa\u021bie parental\u0103 se introduce o nou\u0103 viziune a interven\u021biei sociale, care pune accent pe modificarea modului de a g\u00e2ndi al oamenilor, pe interiorizarea unor norme \u0219i valori pe care grupul le impune. \u00cen ultima perioad\u0103 se \u00eenregistreaz\u0103 tot mai multe probleme cu care se confrunt\u0103 unii tineri. De cele mai multe ori, cauzele acestora sunt c\u0103utate \u00een mediul grupurilor de egali. Dar este ignorat faptul c\u0103 factorul determinant al form\u0103rii comportamentelor viitorilor adul\u021bi este mediul familial.<\/p>\n<p style=\"text-align: justify;\">\u00a0Condi\u021biile sociale, economice \u0219i culturale se modific\u0103 permanent \u0219i de aceea uneori p\u0103rin\u021bii se simt dep\u0103\u0219i\u021bi \u00een a comunica cu copiii lor. Deseori, ei sesizeaz\u0103 problemele copiilor doar c\u00e2nd acestea sunt manifeste \u0219i solu\u021bia este de a apela la sprijin din partea speciali\u0219tilor, doar \u00een situa\u021bii de criz\u0103.\u00a0(<a href=\"http:\/\/www.educatieparentala.ro\/articole\/78-ce-este-educatia-parentala-.html\" target=\"_blank\" rel=\"nofollow noopener\">http:\/\/www.educatieparentala. ro\/articole\/78-ce-este- educatia-parentala-.html<\/a>)<\/p>\n<div style=\"text-align: justify;\"><\/div>\n<div style=\"text-align: justify;\"><\/div>\n","protected":false},"excerpt":{"rendered":"<p>74 de cadre didactice au fost formate ca educatori parentali \u00een cadrul proiectului\u00a0\u201e\u0218coli prietenoase \u00een&#8230; <a class=\"meta-more\" href=\"https:\/\/infois.ro\/?p=42262\">more <span class=\"meta-nav\">&raquo;<\/span><\/a><\/p>\n","protected":false},"author":2,"featured_media":42263,"comment_status":"closed","ping_status":"closed","sticky":false,"template":"","format":"standard","meta":{"footnotes":""},"categories":[12,41],"tags":[74,12406,7115,12405,40,3112],"aioseo_notices":[],"_links":{"self":[{"href":"https:\/\/infois.ro\/index.php?rest_route=\/wp\/v2\/posts\/42262"}],"collection":[{"href":"https:\/\/infois.ro\/index.php?rest_route=\/wp\/v2\/posts"}],"about":[{"href":"https:\/\/infois.ro\/index.php?rest_route=\/wp\/v2\/types\/post"}],"author":[{"embeddable":true,"href":"https:\/\/infois.ro\/index.php?rest_route=\/wp\/v2\/users\/2"}],"replies":[{"embeddable":true,"href":"https:\/\/infois.ro\/index.php?rest_route=%2Fwp%2Fv2%2Fcomments&post=42262"}],"version-history":[{"count":1,"href":"https:\/\/infois.ro\/index.php?rest_route=\/wp\/v2\/posts\/42262\/revisions"}],"predecessor-version":[{"id":42264,"href":"https:\/\/infois.ro\/index.php?rest_route=\/wp\/v2\/posts\/42262\/revisions\/42264"}],"wp:featuredmedia":[{"embeddable":true,"href":"https:\/\/infois.ro\/index.php?rest_route=\/wp\/v2\/media\/42263"}],"wp:attachment":[{"href":"https:\/\/infois.ro\/index.php?rest_route=%2Fwp%2Fv2%2Fmedia&parent=42262"}],"wp:term":[{"taxonomy":"category","embeddable":true,"href":"https:\/\/infois.ro\/index.php?rest_route=%2Fwp%2Fv2%2Fcategories&post=42262"},{"taxonomy":"post_tag","embeddable":true,"href":"https:\/\/infois.ro\/index.php?rest_route=%2Fwp%2Fv2%2Ftags&post=42262"}],"curies":[{"name":"wp","href":"https:\/\/api.w.org\/{rel}","templated":true}]}}